{"id":157292,"date":"2025-06-06T19:51:17","date_gmt":"2025-06-06T19:51:17","guid":{"rendered":"https:\/\/www.europesays.com\/fr\/157292\/"},"modified":"2025-06-06T19:51:17","modified_gmt":"2025-06-06T19:51:17","slug":"ou-se-situe-le-film-dans-lordre-de-la-saga-predator","status":"publish","type":"post","link":"https:\/\/www.europesays.com\/fr\/157292\/","title":{"rendered":"O\u00f9 se situe le film dans l&rsquo;ordre de la saga Predator ?"},"content":{"rendered":"<p>Son nom suffit \u00e0 faire trembler&#8230; Il faut dire qu&rsquo;il y a de quoi. En 1987, Arnold Schwarzegger, alors encore au d\u00e9but de sa carri\u00e8re d&rsquo;acteur apr\u00e8s <a href=\"https:\/\/www.programme-tv.net\/news\/cinema\/329117-on-se-prenait-des-gifles-lenfance-douloureuse-darnold-schwarzenegger-avec-son-pere-violent\/\" data-api-deeplink=\"teleloisirs:\/\/news\/329117\" rel=\"nofollow noopener\" target=\"_blank\">une enfance difficile<\/a> et des d\u00e9buts en tant que bodybuilder, affronter une bestiole venue de l&rsquo;espace et a priori invincible, le Predator, dans le film \u00e9ponyme r\u00e9alis\u00e9 par <a href=\"https:\/\/www.programme-tv.net\/biographie\/172962-mctiernan-john\/\" data-link-people=\"9b6a30c3-9a2e-4771-91bb-981bab88966a\" rel=\"nofollow noopener\" target=\"_blank\">John McTiernan<\/a>,<a href=\"https:\/\/www.programme-tv.net\/news\/cinema\/352518-pourquoi-piege-de-cristal-est-le-meilleur-film-daction-de-tous-les-temps\/\" data-api-deeplink=\"teleloisirs:\/\/news\/352518\" rel=\"nofollow noopener\" target=\"_blank\"> futur metteur en sc\u00e8ne de Pi\u00e8ge de cristal<\/a>. Un long-m\u00e9trage ultra efficace, festival d&rsquo;acteurs muscl\u00e9s au maximum, <a href=\"https:\/\/www.programme-tv.net\/news\/people\/346723-mort-de-carl-weathers-rocky-mandalorian-les-causes-du-deces-de-lacteur-devoilees\/\" data-api-deeplink=\"teleloisirs:\/\/news\/346723\" rel=\"nofollow noopener\" target=\"_blank\">dont le regrett\u00e9 Carl Weathers<\/a>. Et une cr\u00e9ature vite devenue mythique, \u00e0 la base d&rsquo;une vraie saga de science-fiction tendance horrifique, dont le dernier volet, Predator : Killer of the Killers est disponible ce vendredi 6 juin 2025 sur Disney+.<\/p>\n<p>O\u00f9 se situe Predator : Killer of Killers dans la saga Predator ?<\/p>\n<p>Au fil des ans et des d\u00e9cennies, le Predator, <a href=\"https:\/\/www.programme-tv.net\/news\/evenement\/disney-plus-streaming\/318954-jean-claude-van-damme-la-raison-absurde-pour-laquelle-il-a-ete-vire-de-predator\/\" data-api-deeplink=\"teleloisirs:\/\/news\/318954\" rel=\"nofollow noopener\" target=\"_blank\">dans le costume duquel s&rsquo;\u00e9tait initialement gliss\u00e9 un certain Jean-Claude Van Damme<\/a>, a v\u00e9cu de nombreuses aventures. Une suite sortie en 1991, puis un mashup (un m\u00e9lange) avec une autre m\u00e9chante b\u00e9b\u00eate venue de l&rsquo;espace dans les oubliables Alien vs Predator dans les ann\u00e9es 2000. En 2018, Shane Black, com\u00e9dien vu dans le premier film, devenu sc\u00e9nariste et r\u00e9alisateur de renom \u00e0 Hollywood, reprenait le flambeau avec The Predator,<a href=\"https:\/\/www.programme-tv.net\/news\/cinema\/214302-the-predator-une-scene-coupee-a-cause-dun-acteur-delinquant-sexuel\/\" data-api-deeplink=\"teleloisirs:\/\/news\/214302\" rel=\"nofollow noopener\" target=\"_blank\"> dont une sc\u00e8ne a d\u00fb \u00eatre coup\u00e9e pour une raison bien particuli\u00e8re<\/a>. Quatre ans plus tard, le cin\u00e9aste Dan Trachtenberg, qui s&rsquo;est fait un nom dans le cin\u00e9ma dit de genre avec 10 Cloverfield Lane, reprenait le flambeau avec Prey, <a href=\"https:\/\/www.programme-tv.net\/news\/evenement\/disney-plus-streaming\/307284-prey-une-star-de-predator-donne-son-avis-tranche-sur-le-prequel-du-film-culte\/\" data-api-deeplink=\"teleloisirs:\/\/news\/307284\" rel=\"nofollow noopener\" target=\"_blank\">production salu\u00e9e par les com\u00e9diens d&rsquo;origine de la saga<\/a>. C&rsquo;est \u00e0 nouveau lui qui est aux commandes de Predator : Killer of Killers, nouveau volet, en animation, compos\u00e9 de trois aventures qui finissent par se rejoindre. La premi\u00e8re se d\u00e9roule au temps des Vikings, la seconde dans le Japon des Samoura\u00efs et la troisi\u00e8me pendant la Deuxi\u00e8me Guerre Mondiale. C&rsquo;est donc un prequel qui est disponible sur Disney+, le premier film de la franchise si l&rsquo;on prend son ordre chronologique, qui indique que la, ou plut\u00f4t les bestiole(s) sont sur Terre depuis les temps anciens. Et pour cause : l&rsquo;opus situ\u00e9 chez les Vikings est situ\u00e9 en 841 apr\u00e8s J\u00e9sus-Christ. Une vision qui va quelque peu \u00e0 l&rsquo;encontre du film originel de 1987, dans lequel le vaisseau de la cr\u00e9ature que doit affronter Schwarzy semble bien \u00eatre le premier du genre&#8230;<\/p>\n<p>                        Quand sortent le prochain Predator et le prochain Alien ?<\/p>\n<p>Les amateur de SF horrifique n&rsquo;en ont pas fini avec les horribles bestioles venues de l&rsquo;espace. En novembre 2025, Dan Trachtenberg, toujours lui, proposera Predator : Badlands, situ\u00e9 cette fois dans le futur. Avant cela, une autre cr\u00e9ature mythique va revenir hanter les spectateurs : l&rsquo;Alien, <a href=\"https:\/\/www.programme-tv.net\/news\/evenement\/disney-plus-streaming\/238919-alien-le-huitieme-passager-france-2-comment-a-ete-concu-le-xenomorphe-video\/\" data-api-deeplink=\"teleloisirs:\/\/news\/238919\" rel=\"nofollow noopener\" target=\"_blank\">le terrible x\u00e9nomorphe<\/a> h\u00e9ros lui aussi d&rsquo;une v\u00e9ritable saga&#8230; \u00c0 l&rsquo;\u00e9t\u00e9 2025, Alien : Earth <a href=\"https:\/\/www.programme-tv.net\/news\/evenement\/disney-plus-streaming\/365421-alien-le-chef-d-oeuvre-de-la-science-fiction-arrive-en-version-serie-et-on-a-hate\/\" data-api-deeplink=\"teleloisirs:\/\/news\/365421\" rel=\"nofollow noopener\" target=\"_blank\">sera en effet d\u00e9clin\u00e9 en s\u00e9rie<\/a>, disponible sur Disney+. Dans l&rsquo;espace, et visiblement sur Terre, on n&rsquo;a pas fini de crier !<\/p>\n","protected":false},"excerpt":{"rendered":"Son nom suffit \u00e0 faire trembler&#8230; Il faut dire qu&rsquo;il y a de quoi. En 1987, Arnold Schwarzegger,&hellip;\n","protected":false},"author":2,"featured_media":157293,"comment_status":"","ping_status":"","sticky":false,"template":"","format":"standard","meta":{"footnotes":""},"categories":[1354],"tags":[244,10451,58,59,1346,1011,27,1360,28823,10450,129],"class_list":{"0":"post-157292","1":"post","2":"type-post","3":"status-publish","4":"format-standard","5":"has-post-thumbnail","7":"category-films","8":"tag-commentaire","9":"tag-disney-plus","10":"tag-divertissement","11":"tag-entertainment","12":"tag-films","13":"tag-fr","14":"tag-france","15":"tag-movies","16":"tag-predator-killer-of-killers","17":"tag-pub-streaming-disney-plus","18":"tag-svod"},"share_on_mastodon":{"url":"https:\/\/pubeurope.com\/@fr\/114638165456014296","error":""},"_links":{"self":[{"href":"https:\/\/www.europesays.com\/fr\/wp-json\/wp\/v2\/posts\/157292","targetHints":{"allow":["GET"]}}],"collection":[{"href":"https:\/\/www.europesays.com\/fr\/wp-json\/wp\/v2\/posts"}],"about":[{"href":"https:\/\/www.europesays.com\/fr\/wp-json\/wp\/v2\/types\/post"}],"author":[{"embeddable":true,"href":"https:\/\/www.europesays.com\/fr\/wp-json\/wp\/v2\/users\/2"}],"replies":[{"embeddable":true,"href":"https:\/\/www.europesays.com\/fr\/wp-json\/wp\/v2\/comments?post=157292"}],"version-history":[{"count":0,"href":"https:\/\/www.europesays.com\/fr\/wp-json\/wp\/v2\/posts\/157292\/revisions"}],"wp:featuredmedia":[{"embeddable":true,"href":"https:\/\/www.europesays.com\/fr\/wp-json\/wp\/v2\/media\/157293"}],"wp:attachment":[{"href":"https:\/\/www.europesays.com\/fr\/wp-json\/wp\/v2\/media?parent=157292"}],"wp:term":[{"taxonomy":"category","embeddable":true,"href":"https:\/\/www.europesays.com\/fr\/wp-json\/wp\/v2\/categories?post=157292"},{"taxonomy":"post_tag","embeddable":true,"href":"https:\/\/www.europesays.com\/fr\/wp-json\/wp\/v2\/tags?post=157292"}],"curies":[{"name":"wp","href":"https:\/\/api.w.org\/{rel}","templated":true}]}}