{"id":157298,"date":"2025-06-06T19:54:09","date_gmt":"2025-06-06T19:54:09","guid":{"rendered":"https:\/\/www.europesays.com\/fr\/157298\/"},"modified":"2025-06-06T19:54:09","modified_gmt":"2025-06-06T19:54:09","slug":"je-suis-tres-joyeux-de-partir-vers-de-nouvelles-aventures","status":"publish","type":"post","link":"https:\/\/www.europesays.com\/fr\/157298\/","title":{"rendered":"\u00abJe suis tr\u00e8s joyeux de partir vers de nouvelles aventures\u00bb"},"content":{"rendered":"<p><strong>EXCLU TV MAGAZINE &#8211; <\/strong>\u00c0 58 ans et apr\u00e8s plus de trois d\u00e9cennies pass\u00e9es \u00e0 France T\u00e9l\u00e9visions, l\u2019animateur a choisi de rejoindre M6. Il s\u2019exprime pour la premi\u00e8re fois depuis l\u2019annonce surprise de son d\u00e9part.<\/p>\n<p class=\"fig-paragraph\">Ce jeudi 5 juin,\u00a0<a href=\"https:\/\/www.lefigaro.fr\/tag\/olivier-minne\" target=\"_blank\" rel=\"noopener\" data-gtm-custom-categorie=\"navigation\" data-gtm-custom-action=\"crossclick\" data-gtm-custom-label=\"Contextuel\" data-gtm-event=\"customEventSPE\"><strong>Olivier Minne<\/strong><\/a> \u00a0a tourn\u00e9 la derni\u00e8re de\u00a0<a href=\"https:\/\/tvmag.lefigaro.fr\/programme-tv\/programme\/tout-le-monde-a-son-mot-a-dire-d158214029\" target=\"_blank\" rel=\"noopener\" data-gtm-custom-categorie=\"navigation\" data-gtm-custom-action=\"crossclick\" data-gtm-custom-label=\"Contextuel\" data-gtm-event=\"customEventSPE\">\u00abTout le monde a son mot \u00e0 dire\u00bb<\/a>. En effet, quelques jours apr\u00e8s avoir fait ses adieux \u00e0\u00a0<a href=\"https:\/\/www.lefigaro.fr\/tag\/fort-boyard\" target=\"_blank\" rel=\"noopener\" data-gtm-custom-categorie=\"navigation\" data-gtm-custom-action=\"crossclick\" data-gtm-custom-label=\"Contextuel\" data-gtm-event=\"customEventSPE\">\u00abFort Boyard\u00bb<\/a>, l\u2019animateur a c\u00e9d\u00e9 sa place aux c\u00f4t\u00e9s de\u00a0<a href=\"https:\/\/www.lefigaro.fr\/tag\/sidonie-bonnec\" target=\"_blank\" rel=\"noopener\" data-gtm-custom-categorie=\"navigation\" data-gtm-custom-action=\"crossclick\" data-gtm-custom-label=\"Contextuel\" data-gtm-event=\"customEventSPE\">Sidonie Bonnec<\/a>\u00a0\u00e0\u00a0<a href=\"https:\/\/www.lefigaro.fr\/tag\/bruno-guillon\" target=\"_blank\" rel=\"noopener\" data-gtm-custom-categorie=\"navigation\" data-gtm-custom-action=\"crossclick\" data-gtm-custom-label=\"Contextuel\" data-gtm-event=\"customEventSPE\">Bruno Guillon<\/a>. Dans quelques semaines, il fera sa rentr\u00e9e sur M6. Depuis l\u2019annonce surprise de son d\u00e9part de France T\u00e9l\u00e9visions, il ne s\u2019est exprim\u00e9 nulle part. Il a accept\u00e9 de se confier en exclusivit\u00e9 \u00e0 TV Magazine.<\/p>\n<p class=\"fig-paragraph\"><strong>TV MAGAZINE. &#8211; Comment s\u2019est pass\u00e9 ce dernier tournage\u00a0?<\/strong><br \/><strong>Olivier MINNE. &#8211;<\/strong> Tr\u00e8s bien. C\u2019\u00e9tait tr\u00e8s \u00e9mouvant et tr\u00e8s joyeux aussi. On s\u2019est marr\u00e9, comme on s\u2019est marr\u00e9 pendant huit ans en fait. C\u2019est une \u00e9mission tr\u00e8s particuli\u00e8re, qui n\u2019est pas tout \u00e0 fait du jeu, c\u2019est du divertissement, de l\u2019absurde, une cour de r\u00e9cr\u00e9ation comme la t\u00e9l\u00e9vision n\u2019en propose quasiment plus. \u00c7a a \u00e9t\u00e9 une chance merveilleuse de pouvoir me retrouver au quotidien avec tous nos camarades pendant ces huit ann\u00e9es, parce que, encore une fois, ce n\u2019\u00e9tait pas donn\u00e9 \u00e0 tout le monde.<\/p>\n<p class=\"fig-body-link\">\n            \u00c0 lire aussi<br \/>\n        <a class=\"fig-body-link__link\" href=\"http:\/\/tvmag.lefigaro.fr\/programme-tv\/actu-tele\/je-n-ai-pas-dit-mon-dernier-mot-sur-le-service-public-sur-le-tournage-de-la-derniere-d-olivier-minne-dans-tout-le-monde-a-son-mot-a-dire-20250606\" target=\"_blank\" data-fig-type=\"Article\" rel=\"noopener\" data-gtm-custom-categorie=\"navigation\" data-gtm-custom-action=\"crossclick\" data-gtm-custom-label=\"Contextuel\" data-gtm-event=\"customEventSPE\" data-fig-domain=\"TVMAG\">\u00abJe n\u2019ai pas dit mon dernier mot sur le service public\u00bb\u00a0: sur le tournage de la derni\u00e8re d\u2019Olivier Minne dans \u00abTout le monde a son mot \u00e0 dire\u00bb<br \/>\n    <\/a>\n<\/p>\n<p class=\"fig-paragraph\"><strong>Il y a eu \u00e9norm\u00e9ment d\u2019\u00e9motions sur ce plateau mais vous avez r\u00e9ussi \u00e0 ne pas craquer&#8230;<\/strong><br \/>Deux \u00e9missions avant, j\u2019avais bien craqu\u00e9 donc, pour la derni\u00e8re, je me suis dit qu\u2019il fallait que j\u2019arrive \u00e0 tenir. Parce que je voulais dire des choses aussi, et pour le faire, il vaut mieux de ne pas \u00eatre effondr\u00e9 au m\u00eame moment sinon, on ne les formule pas de la m\u00eame mani\u00e8re. Fort heureusement, l\u2019intervention d\u2019\u00c9ric Laug\u00e9rias avec son oraison fun\u00e8bre a permis de r\u00e9injecter ce qu\u2019est l\u2019esprit m\u00eame de cette \u00e9mission c\u2019est-\u00e0-dire quelque chose d\u2019assez surr\u00e9aliste.<\/p>\n<p class=\"fig-paragraph\"><strong>Pour cette derni\u00e8re, vous avez eu droit \u00e0 beaucoup de surprises&#8230;<\/strong><br \/>C\u2019est cool d\u2019avoir fini ainsi. Sans savoir ce qu\u2019ils allaient me proposer comme surprises, je d\u00e9sirais vraiment que la toute derni\u00e8re soit comme tout ce qu\u2019on avait v\u00e9cu auparavant, c\u2019est-\u00e0-dire qu\u2019il y ait de l\u2019\u00e9motion &#8211; \u00e7a, je savais bien qu\u2019on ne pouvait pas l\u2019\u00e9viter &#8211; mais qu\u2019il y ait surtout beaucoup de rire quand m\u00eame. Et c\u2019est ce qui s\u2019est pass\u00e9, donc j\u2019\u00e9tais tr\u00e8s heureux de \u00e7a.<\/p>\n<blockquote class=\"fig-quote&#10;    \">\n<p class=\"fig-quote__text\">\u00ab Dans \u201cFort Boyard\u201d, je terminais en criant\u00a0: \u201c\u00c0 bient\u00f4t pour de nouvelles aventures\u201d. Finalement, je m\u2019applique \u00e0 moi-m\u00eame ce que je crie depuis 23 ans\u00a0\u00bb<\/p>\n<p>            Olivier Minne\n    <\/p><\/blockquote>\n<p class=\"fig-paragraph\"><strong>Vous avez profit\u00e9 de cette derni\u00e8re pour passer le relais \u00e0 Bruno Guillon. Est-ce vous qui avez souffl\u00e9 son nom \u00e0 Nagui\u00a0?<\/strong><br \/>Je n\u2019ai la main sur rien, donc non, ce n\u2019est pas moi qui ai souffl\u00e9 son nom. Je suis tr\u00e8s heureux que Bruno prenne le relais, j\u2019esp\u00e8re qu\u2019il prendra autant de plaisir que moi &#8211; \u00e7a, je n\u2019en doute pas &#8211; et qu\u2019il go\u00fbte pleinement cette aire de jeu qui est si atypique. Parce qu\u2019encore une fois, c\u2019est quelque chose qu\u2019on ne trouve pas facilement en t\u00e9l\u00e9 aujourd\u2019hui. Dans \u00abTout le monde a son mot \u00e0 dire\u00bb, on est libre et j\u2019esp\u00e8re qu\u2019il y sera libre comme je l\u2019ai \u00e9t\u00e9 pendant huit ans.<\/p>\n<p class=\"fig-paragraph\"><strong>Dans quel \u00e9tat d\u2019esprit \u00eates-vous maintenant que vous avez fait vos adieux \u00e0 \u00abFort Boyard\u00bb et \u00e0 \u00abTout le monde \u00e0 son mot \u00e0 dire\u00bb\u00a0?<\/strong><br \/>Je suis dans un \u00e9tat d\u2019esprit joyeux et en m\u00eame temps tr\u00e8s \u00e9mu aussi bien s\u00fbr. Je suis tr\u00e8s joyeux de partir vers de nouvelles aventures. Dans \u00abFort Boyard\u00bb, \u00e0 chaque fois je terminais en criant\u00a0: \u00ab\u00c0 bient\u00f4t pour de nouvelles aventures\u00bb. Finalement, je m\u2019applique \u00e0 moi-m\u00eame ce que je crie depuis 23 ans, donc forc\u00e9ment, de ce point de vue l\u00e0, \u00e7a ne peut \u00eatre que joyeux.<\/p>\n<p class=\"fig-body-link\">\n            \u00c0 lire aussi<br \/>\n        <a class=\"fig-body-link__link\" href=\"http:\/\/tvmag.lefigaro.fr\/programme-tv\/actu-tele\/fort-boyard-alexis-et-felix-lebrun-vont-participer-a-la-saison-36-du-jeu-de-france-2-20250522\" target=\"_blank\" data-fig-type=\"Article\" rel=\"noopener\" data-gtm-custom-categorie=\"navigation\" data-gtm-custom-action=\"crossclick\" data-gtm-custom-label=\"Contextuel\" data-gtm-event=\"customEventSPE\" data-fig-domain=\"TVMAG\">\u00abFort Boyard\u00bb\u00a0: Alexis et F\u00e9lix Lebrun vont participer \u00e0 la saison 36 du jeu de France 2<br \/>\n    <\/a>\n<\/p>\n<p class=\"fig-paragraph\"><strong>Ce n\u2019est pas trop dur de tourner la page France T\u00e9l\u00e9visions\u00a0?<\/strong><br \/>Cette ann\u00e9e, c\u2019est ma 36e ann\u00e9e de pr\u00e9sence sur le service public, c\u2019est quand m\u00eame une tranche de vie, comme dirait l\u2019autre. Je me suis rendu compte que je n\u2019avais pas vu le temps passer. 36 ans, ce n\u2019est pas rien finalement. J\u2019ai commenc\u00e9 comme homme \u00e0 tout faire puis j\u2019ai fait \u00abspeakerine\u00bb, j\u2019intervenais trois ou quatre fois dans le mois. Avant \u00e7a, j\u2019avais \u00e9t\u00e9 sur RTL TVI. L\u2019ann\u00e9e prochaine, je f\u00eaterai mes 40 ans de t\u00e9l\u00e9. J\u2019ai appris ce m\u00e9tier tout petit, donc c\u2019est un m\u00e9lange de sentiments.<\/p>\n<p class=\"fig-paragraph\"><strong>Partez-vous avec le regard tourn\u00e9 vers le pass\u00e9 ou vers le futur\u00a0?<\/strong><br \/>Tourn\u00e9 vers le futur \u00e9videmment, et vers ce qui m\u2019attend maintenant. M\u00eame si je suis de nature nostalgique, je suis quelqu\u2019un qui essaie de garder \u00e0 l\u2019esprit que ce qui a \u00e9t\u00e9 fait, r\u00e9alis\u00e9, n\u2019a pas \u00e0 \u00eatre effac\u00e9. Mais en m\u00eame temps, il faut aller de l\u2019avant. En fait, il faut se nourrir du pass\u00e9 pour essayer de trouver le carburant pour les choses \u00e0 faire maintenant et dans le futur. J\u2019essaie d\u2019\u00eatre toujours dans ce cycle vertueux.<\/p>\n<p class=\"fig-paragraph\"><strong>Pourquoi avez-vous eu envie de nouvelles aventures\u00a0?<\/strong><br \/>\u00c7a, j\u2019en parlerai plus tard.<\/p>\n","protected":false},"excerpt":{"rendered":"EXCLU TV MAGAZINE &#8211; \u00c0 58 ans et apr\u00e8s plus de trois d\u00e9cennies pass\u00e9es \u00e0 France T\u00e9l\u00e9visions, l\u2019animateur&hellip;\n","protected":false},"author":2,"featured_media":157299,"comment_status":"","ping_status":"","sticky":false,"template":"","format":"standard","meta":{"footnotes":""},"categories":[8],"tags":[497,496,499,58,59,15745,1011,27,2400,594,500,504,505,495,17033,503,502,501,498],"class_list":{"0":"post-157298","1":"post","2":"type-post","3":"status-publish","4":"format-standard","5":"has-post-thumbnail","7":"category-divertissement","8":"tag-actu-tv","9":"tag-actualite-tv","10":"tag-buzz-tv","11":"tag-divertissement","12":"tag-entertainment","13":"tag-fort-boyard","14":"tag-fr","15":"tag-france","16":"tag-france-televisions","17":"tag-france-2","18":"tag-medias","19":"tag-news-tele","20":"tag-news-television","21":"tag-news-tv","22":"tag-olivier-minne","23":"tag-programme-tele","24":"tag-programme-tv","25":"tag-quiz-tv","26":"tag-tv-actu"},"share_on_mastodon":{"url":"https:\/\/pubeurope.com\/@fr\/114638177956099350","error":""},"_links":{"self":[{"href":"https:\/\/www.europesays.com\/fr\/wp-json\/wp\/v2\/posts\/157298","targetHints":{"allow":["GET"]}}],"collection":[{"href":"https:\/\/www.europesays.com\/fr\/wp-json\/wp\/v2\/posts"}],"about":[{"href":"https:\/\/www.europesays.com\/fr\/wp-json\/wp\/v2\/types\/post"}],"author":[{"embeddable":true,"href":"https:\/\/www.europesays.com\/fr\/wp-json\/wp\/v2\/users\/2"}],"replies":[{"embeddable":true,"href":"https:\/\/www.europesays.com\/fr\/wp-json\/wp\/v2\/comments?post=157298"}],"version-history":[{"count":0,"href":"https:\/\/www.europesays.com\/fr\/wp-json\/wp\/v2\/posts\/157298\/revisions"}],"wp:featuredmedia":[{"embeddable":true,"href":"https:\/\/www.europesays.com\/fr\/wp-json\/wp\/v2\/media\/157299"}],"wp:attachment":[{"href":"https:\/\/www.europesays.com\/fr\/wp-json\/wp\/v2\/media?parent=157298"}],"wp:term":[{"taxonomy":"category","embeddable":true,"href":"https:\/\/www.europesays.com\/fr\/wp-json\/wp\/v2\/categories?post=157298"},{"taxonomy":"post_tag","embeddable":true,"href":"https:\/\/www.europesays.com\/fr\/wp-json\/wp\/v2\/tags?post=157298"}],"curies":[{"name":"wp","href":"https:\/\/api.w.org\/{rel}","templated":true}]}}