{"id":157312,"date":"2025-06-06T20:01:23","date_gmt":"2025-06-06T20:01:23","guid":{"rendered":"https:\/\/www.europesays.com\/fr\/157312\/"},"modified":"2025-06-06T20:01:23","modified_gmt":"2025-06-06T20:01:23","slug":"saint-etienne-le-duo-salut-lorage-sort-son-nouveau-single-pop-rock","status":"publish","type":"post","link":"https:\/\/www.europesays.com\/fr\/157312\/","title":{"rendered":"Saint-\u00c9tienne. Le duo Salut l\u2019Orage sort son nouveau single pop-rock"},"content":{"rendered":"<p>Le duo Salut l\u2019Orage ne ch\u00f4me pas.<\/p>\n<p>Apr\u00e8s De la base au sommet (en avril\u00a02024) o\u00f9 il \u00e9voquait ses racines st\u00e9phanoises (\u00ab\u00a0Deux crassiers pour h\u00e9ritage\/On veut ressusciter SE\u00a0\u00bb avec un film tourn\u00e9 sur le site du Puits Couriot), M\u2019en aller (en juin\u00a02024), Tout va bien (en novembre\u00a02024) et De la Sueur et des Larmes  (en f\u00e9vrier dernier), Lucas Pourrat et Maxime Chorel viennent de publier un cinqui\u00e8me single.<\/p>\n<p>\u00ab\u00a0On l\u2019a enregistr\u00e9 en partie au Pax (\u00e0 Saint-\u00c9tienne) et l\u2019autre partie \u00e0 la maison avant de le travailler avec Bruno Preynat, de Studio E (\u00c9cotay-l\u2019Olme).\u00a0\u00bb<\/p>\n<p>  \u00ab\u00a0Le fil conducteur de nos chansons, c\u2019est l\u2019ambivalence entre la lumi\u00e8re et l\u2019ombre\u00a0\u00bb<\/p>\n<p>Disponible depuis vendredi sur les plateformes, Rien de neuf affirme un peu plus le style de Salut l\u2019Orage qui aime faire c\u00f4toyer l\u2019espoir et les id\u00e9es sombres dans une ambiance de pop-rock.<\/p>\n<p>\u00ab\u00a0On v\u00e9n\u00e8re et on d\u00e9teste\/On unit et on d\u00e9fait Le dominant domine\/Le domin\u00e9 le mime\/Le go\u00fbt du pouvoir est universel\/La diff\u00e9rence effraie\/La peur nous rend mauvais, c&rsquo;est vrai\/Motiv\u00e9s par nos pulsions\/On trouvera une raison\/Pour justifier nos pires m\u00e9faits\u00a0\u00bb, d\u00e9marre le titre. \u00ab\u00a0Dans notre projet, on parle beaucoup de comment se construire quand on est un jeune adulte dans le monde d\u2019aujourd\u2019hui, explique Lucas Pourrat. Le fil conducteur de nos chansons, c\u2019est l\u2019ambivalence entre la lumi\u00e8re et l\u2019ombre tout en essayant de garder le cap.\u00a0\u00bb<\/p>\n<p>Dans le clip visible sur YouTube, les deux artistes se baladent en bord de mer (\u00ab\u00a0Rien de neuf sous le soleil\u00a0\u00bb, dit le refrain). Des s\u00e9quences enregistr\u00e9es sur la plage de l\u2019Espiguette, au Grau-du-Roi, et \u00e0 Aigues-Mortes\u00a0: \u00ab\u00a0On voulait quelque chose qui fasse tr\u00e8s vacances et lumineux et en m\u00eame temps \u00eatre sur les images habill\u00e9s en noir avec des capuches pour marquer cette ambivalence\u00a0\u00bb.<\/p>\n<p>  Plusieurs concerts dans la Loire ce mois-ci<\/p>\n<p>Form\u00e9 en d\u00e9cembre\u00a02023, <a href=\"https:\/\/www.leprogres.fr\/culture-loisirs\/2024\/10\/18\/le-duo-salut-l-orage-impatient-de-jouer-a-domicile\" target=\"_blank\" rel=\"nofollow noopener\">le duo revendique d\u00e9j\u00e0 50 repr\u00e9sentations<\/a> et pr\u00e9pare une s\u00e9rie de concerts en juin-juillet, avec plusieurs dates dans le coin\u00a0: Festival Marcenod en f\u00eate (7\u00a0juin), Festival M\u2019art in the street de Saint-Symphorien-sur-Coise (Rh\u00f4ne) (14\u00a0juin), le Festival Chalmafest \u00e0 Savigneux (28\u00a0juin), le festival Abrazik de Montbrison (5\u00a0juillet)\u2026 Le 21\u00a0juin, Salut l\u2019Orage se produira dans le cadre de la F\u00eate de la musique sur la place Jean-Jaur\u00e8s \u00e0 Saint-\u00c9tienne\u00a0: \u00ab\u00a0\u00c0 cette occasion, on proposera des tee-shirts aux couleurs du territoire\u00a0: vert et blanc\u00a0\u00bb.<\/p>\n<p>Le 26\u00a0septembre, le public pourra retrouver Lucas Pourrat et Maxime Chorel sur la sc\u00e8ne de la salle Roger-Planchon, \u00e0 Saint-Chamond, pour un plateau avec Baptiste Dupr\u00e9 en ouverture de la saison culturelle.<\/p>\n","protected":false},"excerpt":{"rendered":"Le duo Salut l\u2019Orage ne ch\u00f4me pas. Apr\u00e8s De la base au sommet (en avril\u00a02024) o\u00f9 il \u00e9voquait&hellip;\n","protected":false},"author":2,"featured_media":157313,"comment_status":"","ping_status":"","sticky":false,"template":"","format":"standard","meta":{"footnotes":""},"categories":[9653],"tags":[1111,11,2430,650,1687,7539,1777,674,1011,27,873,12,25,4001,7538],"class_list":{"0":"post-157312","1":"post","2":"type-post","3":"status-publish","4":"format-standard","5":"has-post-thumbnail","7":"category-saint-etienne","8":"tag-actu","9":"tag-actualites","10":"tag-auvergne-rhone-alpes","11":"tag-cinema","12":"tag-culture-loisirs","13":"tag-edition-loire-sud","14":"tag-eu","15":"tag-europe","16":"tag-fr","17":"tag-france","18":"tag-musique","19":"tag-news","20":"tag-republique-francaise","21":"tag-saint-etienne","22":"tag-saint-etienne-ville"},"share_on_mastodon":{"url":"https:\/\/pubeurope.com\/@fr\/114638204756689388","error":""},"_links":{"self":[{"href":"https:\/\/www.europesays.com\/fr\/wp-json\/wp\/v2\/posts\/157312","targetHints":{"allow":["GET"]}}],"collection":[{"href":"https:\/\/www.europesays.com\/fr\/wp-json\/wp\/v2\/posts"}],"about":[{"href":"https:\/\/www.europesays.com\/fr\/wp-json\/wp\/v2\/types\/post"}],"author":[{"embeddable":true,"href":"https:\/\/www.europesays.com\/fr\/wp-json\/wp\/v2\/users\/2"}],"replies":[{"embeddable":true,"href":"https:\/\/www.europesays.com\/fr\/wp-json\/wp\/v2\/comments?post=157312"}],"version-history":[{"count":0,"href":"https:\/\/www.europesays.com\/fr\/wp-json\/wp\/v2\/posts\/157312\/revisions"}],"wp:featuredmedia":[{"embeddable":true,"href":"https:\/\/www.europesays.com\/fr\/wp-json\/wp\/v2\/media\/157313"}],"wp:attachment":[{"href":"https:\/\/www.europesays.com\/fr\/wp-json\/wp\/v2\/media?parent=157312"}],"wp:term":[{"taxonomy":"category","embeddable":true,"href":"https:\/\/www.europesays.com\/fr\/wp-json\/wp\/v2\/categories?post=157312"},{"taxonomy":"post_tag","embeddable":true,"href":"https:\/\/www.europesays.com\/fr\/wp-json\/wp\/v2\/tags?post=157312"}],"curies":[{"name":"wp","href":"https:\/\/api.w.org\/{rel}","templated":true}]}}