{"id":157314,"date":"2025-06-06T20:02:11","date_gmt":"2025-06-06T20:02:11","guid":{"rendered":"https:\/\/www.europesays.com\/fr\/157314\/"},"modified":"2025-06-06T20:02:11","modified_gmt":"2025-06-06T20:02:11","slug":"meurthe-et-moselle-dialogue-autour-de-la-gestion-de-crise-lors-du-forum-places-de-la-democratie","status":"publish","type":"post","link":"https:\/\/www.europesays.com\/fr\/157314\/","title":{"rendered":"Meurthe-et-Moselle. Dialogue autour de la gestion de crise lors du forum Place(s) de la d\u00e9mocratie"},"content":{"rendered":"<p>Ateliers, tables rondes, rencontres\u2026 Organis\u00e9e par la ville de Nancy, le \u00ab\u00a0think tank\u00a0\u00bb Terra Nova et Evidences en partenariat avec L\u2019Est R\u00e9publicain (groupe Ebra), la deuxi\u00e8me \u00e9dition du forum Place(s) de la d\u00e9mocratie d\u00e9roule un programme particuli\u00e8rement riche pendant trois jours.<\/p>\n<p>Ce vendredi, <a href=\"https:\/\/www.estrepublicain.fr\/politique\/2025\/06\/05\/buzyn-bachelot-et-bronner-au-forum-place(s)-de-la-democratie-ce-vendredi\" target=\"_blank\" rel=\"noopener\">deux \u00e9v\u00e9nements \u00e9taient ainsi organis\u00e9s<\/a> dans le cadre somptueux de l\u2019Op\u00e9ra national de Nancy-Lorraine. Devant une assistance de plus de cent cinquante personnes, plusieurs personnalit\u00e9s ont ainsi d\u00e9battu pendant pr\u00e8s d\u2019une heure et quart en d\u00e9but de soir\u00e9e \u00e0 l\u2019occasion d\u2019une table ronde ayant pour th\u00e8me \u00ab\u00a0La science survivra-t-elle \u00e0 la post-v\u00e9rit\u00e9\u00a0?\u00a0\u00bb. Un sujet qui a inspir\u00e9 les diff\u00e9rents intervenants\u2026 et captiv\u00e9 l\u2019auditoire.<\/p>\n<p>Mais avant cela, les organisateurs avaient pr\u00e9par\u00e9 une rencontre dialogue autour de la gestion de crise. Vaste sujet. Mais pour l\u2019aborder, les organisateurs avaient fait appel \u00e0 deux invit\u00e9es particuli\u00e8rement indiqu\u00e9es. Anciennes ministres de la sant\u00e9, <a href=\"https:\/\/www.estrepublicain.fr\/p\/roselyne-bachelot\" target=\"_blank\" rel=\"noopener\">Roselyne Bachelot<\/a> et <a href=\"https:\/\/www.estrepublicain.fr\/culture-loisirs\/2025\/06\/02\/agnes-buzyn-a-nancy-le-6-juin-la-quete-de-verite-est-primordiale-pour-la-democratie\" target=\"_blank\" rel=\"noopener\">Agn\u00e8s Buzyn<\/a> ont eu \u00e0 g\u00e9rer des crises sanitaires comme la grippe H1N1 et le Covid quand elles \u00e9taient en responsabilit\u00e9s.<\/p>\n<p>  Faut-il avoir peur de dire la v\u00e9rit\u00e9 aux gens\u00a0?<\/p>\n<p>Directeur g\u00e9n\u00e9ral de Terra Nova, Thierry Pech a lanc\u00e9 le dialogue en demandant s\u2019il fallait avoir peur de dire aux gens la v\u00e9rit\u00e9 en situation de crise. R\u00e9ponse affirmative des deux femmes. \u00ab\u00a0Il ne faut pas chercher \u00e0 faire peur ni rassurer mais s\u2019en tenir aux faits\u00a0\u00bb, a notamment l\u00e2ch\u00e9 <a href=\"https:\/\/www.estrepublicain.fr\/p\/agnes-buzyn\" target=\"_blank\" rel=\"noopener\">Agn\u00e8s Buzyn<\/a>, qui a eu \u00e0 g\u00e9rer le d\u00e9but de la crise du Covid avant de quitter le gouvernement en f\u00e9vrier\u00a02020.<\/p>\n<p>Lors d\u2019un dialogue passionnant d\u2019une heure et quart pendant lequel elles ont partag\u00e9 leur exp\u00e9rience avec des exemples concrets, les deux femmes ont \u00e9galement insist\u00e9 sur l\u2019importance d\u2019avoir un seul \u00e9metteur en situation de crise (\u00ab\u00a0c\u2019est le b.a-ba\u00a0\u00bb, l\u00e2chait Roselyne Bachelot), et de savoir sortir des plans \u00e9labor\u00e9s en fonction des crises v\u00e9cues pr\u00e9c\u00e9demment. \u00ab\u00a0C\u2019est le probl\u00e8me de la France, on imagine des cath\u00e9drales r\u00e9glementaires qui nous empatouillent\u00a0\u00bb, glissait ainsi Roselyne Bachelot.<\/p>\n<p>Les deux anciennes ministres ont ensuite r\u00e9pondu aux questions du public autour de la d\u00e9mocratie, la d\u00e9licate gestion des masques ou encore la m\u00e9diatisation en cas de future crise. \u00ab\u00a0Cela m\u2019inqui\u00e8te, l\u00e2chait Agn\u00e8s Buzyn, l\u2019aspect pol\u00e9mique ne peut que s\u2019amplifier\u00a0\u00bb\u2026<\/p>\n<p>Ce samedi, suite et fin de cette deuxi\u00e8me \u00e9dition du forum \u00ab\u00a0Place(s) de la d\u00e9mocratie \u00bb avec plusieurs \u00e9v\u00e9nements \u00e0 l\u2019h\u00f4tel de ville dont pas moins de quatre tables rondes. Histoire de finir en beaut\u00e9\u2026<\/p>\n","protected":false},"excerpt":{"rendered":"Ateliers, tables rondes, rencontres\u2026 Organis\u00e9e par la ville de Nancy, le \u00ab\u00a0think tank\u00a0\u00bb Terra Nova et Evidences en&hellip;\n","protected":false},"author":2,"featured_media":157315,"comment_status":"","ping_status":"","sticky":false,"template":"","format":"standard","meta":{"footnotes":""},"categories":[9635],"tags":[1111,11,6084,1704,1777,674,1011,27,775,3457,1702,1703,12,25,71,104],"class_list":{"0":"post-157314","1":"post","2":"type-post","3":"status-publish","4":"format-standard","5":"has-post-thumbnail","7":"category-nancy","8":"tag-actu","9":"tag-actualites","10":"tag-droit","11":"tag-edition-nancy-et-agglomeration","12":"tag-eu","13":"tag-europe","14":"tag-fr","15":"tag-france","16":"tag-grand-est","17":"tag-meurthe-et-moselle","18":"tag-nancy","19":"tag-nancy-ville-54b","20":"tag-news","21":"tag-republique-francaise","22":"tag-sante","23":"tag-societe"},"share_on_mastodon":{"url":"https:\/\/pubeurope.com\/@fr\/114638208562626735","error":""},"_links":{"self":[{"href":"https:\/\/www.europesays.com\/fr\/wp-json\/wp\/v2\/posts\/157314","targetHints":{"allow":["GET"]}}],"collection":[{"href":"https:\/\/www.europesays.com\/fr\/wp-json\/wp\/v2\/posts"}],"about":[{"href":"https:\/\/www.europesays.com\/fr\/wp-json\/wp\/v2\/types\/post"}],"author":[{"embeddable":true,"href":"https:\/\/www.europesays.com\/fr\/wp-json\/wp\/v2\/users\/2"}],"replies":[{"embeddable":true,"href":"https:\/\/www.europesays.com\/fr\/wp-json\/wp\/v2\/comments?post=157314"}],"version-history":[{"count":0,"href":"https:\/\/www.europesays.com\/fr\/wp-json\/wp\/v2\/posts\/157314\/revisions"}],"wp:featuredmedia":[{"embeddable":true,"href":"https:\/\/www.europesays.com\/fr\/wp-json\/wp\/v2\/media\/157315"}],"wp:attachment":[{"href":"https:\/\/www.europesays.com\/fr\/wp-json\/wp\/v2\/media?parent=157314"}],"wp:term":[{"taxonomy":"category","embeddable":true,"href":"https:\/\/www.europesays.com\/fr\/wp-json\/wp\/v2\/categories?post=157314"},{"taxonomy":"post_tag","embeddable":true,"href":"https:\/\/www.europesays.com\/fr\/wp-json\/wp\/v2\/tags?post=157314"}],"curies":[{"name":"wp","href":"https:\/\/api.w.org\/{rel}","templated":true}]}}