{"id":157323,"date":"2025-06-06T20:07:11","date_gmt":"2025-06-06T20:07:11","guid":{"rendered":"https:\/\/www.europesays.com\/fr\/157323\/"},"modified":"2025-06-06T20:07:11","modified_gmt":"2025-06-06T20:07:11","slug":"football-barrage-retour-daccession-en-d3-fem-lesme-a-montpellier-avec-la-d3-au-bout-des-pieds","status":"publish","type":"post","link":"https:\/\/www.europesays.com\/fr\/157323\/","title":{"rendered":"Football \u2013 Barrage retour d\u2019accession en D3 f\u00e9m.. L\u2019ESME \u00e0 Montpellier avec la D3 au bout des pieds"},"content":{"rendered":"<p>Plus que 90 minutes pour s\u2019ouvrir les portes d\u2019un championnat national! Les filles de l\u2019ESME ont certes \u00e9t\u00e9 men\u00e9es au score la quasi-totalit\u00e9 du match aller, mais elles ont finalement trouv\u00e9 les ressources pour accrocher le nul (3-3). De quoi entretenir l\u2019espoir pour ce barrage retour.<\/p>\n<p>\u00ab\u00a0Au coup de sifflet final, dans l\u2019euphorie de la remont\u00e9e, j\u2019\u00e9tais persuad\u00e9 qu\u2019on allait se qualifier. \u00c0 t\u00eate repos\u00e9e, dans un camp comme dans l\u2019autre, je pense qu\u2019on a chacun nos certitudes pour pouvoir battre l\u2019adversaire. On a de l\u2019ambition et on veut gagner ce match\u00a0\u00bb, assure St\u00e9phane Martos, le coach.<\/p>\n<p>D\u2019autant que ces joueuses ont pu cette fois recharger les batteries avec une semaine compl\u00e8te sans match, contrairement \u00e0 l\u2019aller.<\/p>\n<p>Au programme, un d\u00e9crassage mardi et un entra\u00eenement plus tactique jeudi. \u00ab\u00a0Les trois buts que l\u2019on prend \u00e0 l\u2019aller, c\u2019est parce qu\u2019on a manqu\u00e9 d\u2019engagement par moments, mais \u00e7a s\u2019explique sans doute par un manque de fra\u00eecheur. Paradoxalement, en termes de jeu, j\u2019ai trouv\u00e9 que c\u2019\u00e9tait l\u2019une de nos meilleures rencontres, m\u00eame si on n\u2019a pas jou\u00e9 \u00e0 notre v\u00e9ritable niveau\u00a0\u00bb.<\/p>\n<p>  \u00ab\u00a0Si on doit monter, c\u2019est qu\u2019on l\u2019aura m\u00e9rit\u00e9\u00a0\u00bb<\/p>\n<p>De bon augure, surtout si la mire reste aussi bien r\u00e9gl\u00e9e sur les phases arr\u00eat\u00e9es puisque les Molsh\u00e9miennes ont frapp\u00e9 sur trois coups francs directs lors du premier round.<\/p>\n<p>L\u2019ESME prend la direction du sud ce samedi dans un convoi de quatre minibus. Un r\u00e9veil musculaire est pr\u00e9vu dimanche matin avant d\u2019entrer dans l\u2019ar\u00e8ne \u00e0 14h. \u00ab\u00a0Il faut qu\u2019\u00e0 la fin du match, les filles sortent en ayant tout donn\u00e9 et si on doit monter, c\u2019est qu\u2019on l\u2019aura m\u00e9rit\u00e9\u00a0\u00bb.<\/p>\n","protected":false},"excerpt":{"rendered":"Plus que 90 minutes pour s\u2019ouvrir les portes d\u2019un championnat national! Les filles de l\u2019ESME ont certes \u00e9t\u00e9&hellip;\n","protected":false},"author":2,"featured_media":157324,"comment_status":"","ping_status":"","sticky":false,"template":"","format":"standard","meta":{"footnotes":""},"categories":[9599],"tags":[1111,11,24625,1777,674,63,1011,27,24623,2208,12,2680,25,24624,517],"class_list":{"0":"post-157323","1":"post","2":"type-post","3":"status-publish","4":"format-standard","5":"has-post-thumbnail","7":"category-montpellier","8":"tag-actu","9":"tag-actualites","10":"tag-edition-molsheim-obernai","11":"tag-eu","12":"tag-europe","13":"tag-football","14":"tag-fr","15":"tag-france","16":"tag-molsheim","17":"tag-montpellier","18":"tag-news","19":"tag-occitanie","20":"tag-republique-francaise","21":"tag-secteur-de-molsheim","22":"tag-sport"},"share_on_mastodon":{"url":"https:\/\/pubeurope.com\/@fr\/114638228221072004","error":""},"_links":{"self":[{"href":"https:\/\/www.europesays.com\/fr\/wp-json\/wp\/v2\/posts\/157323","targetHints":{"allow":["GET"]}}],"collection":[{"href":"https:\/\/www.europesays.com\/fr\/wp-json\/wp\/v2\/posts"}],"about":[{"href":"https:\/\/www.europesays.com\/fr\/wp-json\/wp\/v2\/types\/post"}],"author":[{"embeddable":true,"href":"https:\/\/www.europesays.com\/fr\/wp-json\/wp\/v2\/users\/2"}],"replies":[{"embeddable":true,"href":"https:\/\/www.europesays.com\/fr\/wp-json\/wp\/v2\/comments?post=157323"}],"version-history":[{"count":0,"href":"https:\/\/www.europesays.com\/fr\/wp-json\/wp\/v2\/posts\/157323\/revisions"}],"wp:featuredmedia":[{"embeddable":true,"href":"https:\/\/www.europesays.com\/fr\/wp-json\/wp\/v2\/media\/157324"}],"wp:attachment":[{"href":"https:\/\/www.europesays.com\/fr\/wp-json\/wp\/v2\/media?parent=157323"}],"wp:term":[{"taxonomy":"category","embeddable":true,"href":"https:\/\/www.europesays.com\/fr\/wp-json\/wp\/v2\/categories?post=157323"},{"taxonomy":"post_tag","embeddable":true,"href":"https:\/\/www.europesays.com\/fr\/wp-json\/wp\/v2\/tags?post=157323"}],"curies":[{"name":"wp","href":"https:\/\/api.w.org\/{rel}","templated":true}]}}