{"id":157325,"date":"2025-06-06T20:08:10","date_gmt":"2025-06-06T20:08:10","guid":{"rendered":"https:\/\/www.europesays.com\/fr\/157325\/"},"modified":"2025-06-06T20:08:10","modified_gmt":"2025-06-06T20:08:10","slug":"la-creme-du-baseball-europeen-reunie-a-rouen","status":"publish","type":"post","link":"https:\/\/www.europesays.com\/fr\/157325\/","title":{"rendered":"La cr\u00e8me du baseball europ\u00e9en r\u00e9unie \u00e0 Rouen"},"content":{"rendered":"\n<p>\u00ab\u00a0Run\u00a0\u00bb, \u00ab\u00a0second base\u00a0\u00bb, \u00ab\u00a0catcher\u00a0\u00bb\u2026 Des termes que le public assimile depuis mercredi au bord du terrain Pierre-Roland de Rouen, o\u00f9 se d\u00e9roule la coupe d&rsquo;Europe de baseball et \u00e0 laquelle participent les Huskies, l&rsquo;\u00e9quipe locale, et dont <strong>l&rsquo;encadrement est mobilis\u00e9 pour organiser cet \u00e9v\u00e9nement important mais pas in\u00e9dit<\/strong>, souligne Robin Prouet, gestionnaire du terrain pour la comp\u00e9tition. \u00ab\u00a0On avait d\u00e9j\u00e0 accueilli en 2023 et on avait gagn\u00e9 donc une belle \u00e9pop\u00e9e \u00e9galement \u00e0 ce moment l\u00e0. On a aussi accueilli pas mal de challenges de France, l&rsquo;\u00e9quivalent de la Coupe de France de Baseball, qui est aussi qualificatif pour la Coupe d&rsquo;Europe, donc on est assez rod\u00e9 de ce c\u00f4t\u00e9-l\u00e0. <strong>C<\/strong><strong>&lsquo;est une bonne machine bien huil\u00e9e qui tourne, l\u00e0 on a quand m\u00eame un niveau bien sup\u00e9rieur \u00e0 d&rsquo;autres ann\u00e9es donc c&rsquo;est plut\u00f4t sympa<\/strong>, on voit que les \u00e9quipes sont bien bien aff\u00fbt\u00e9es donc c&rsquo;est une belle comp\u00e9t&rsquo; pour nous\u00a0\u00bb.<\/p>\n<p> Les joueurs \u00e9galement b\u00e9n\u00e9voles<\/p>\n<p>Et la mobilisation pour assurer la bonne tenue de l&rsquo;\u00e9v\u00e9nement concerne jusque dans les rangs de l&rsquo;\u00e9quipe premi\u00e8re des Huskies : Ruben et Tristan sont venus donner un coup de main et en profitent pour regarder le match de deux \u00e9quipes concurrentes. \u00ab\u00a0Il y a pas mal d&rsquo;\u00e9coles qui sont venues regarder les matchs toute la journ\u00e9e donc <strong>on vient expliquer un peu les r\u00e8gles, se pr\u00e9senter en tant que joueu, c&rsquo;est important.<\/strong> Il faut avoir un peu la tchatche mais apr\u00e8s sinon c&rsquo;est assez facile et <strong>\u00e7a fait toujours plaisir d&rsquo;expliquer le baseball qui est un sport pas tr\u00e8s connu encore en France <\/strong>et en Europe\u00a0\u00bb.<\/p>\n<p>Des r\u00e8gles \u00e0 assimiler<\/p>\n<p>Des r\u00e8gles en effet, on ne va pas se le cacher, pas simples \u00e0 assimiler, mais ces \u00e9l\u00e8ves du coll\u00e8ge Charcot d&rsquo;Oissel semblent en tout cas sur la bonne voie et ont m\u00eame choisi leur camp dans un match opposant deux \u00e9quipes espagnoles et autrichiennes. \u00ab\u00a0Quelqu&rsquo;un va lancer la balle et il faut prendre avec la batte, il faut la taper, il faut qu&rsquo;elle parte le plus loin [\u2026] Oui il y a de l&rsquo;ambiance et \u00e7a se passe bien [&#8230;] <strong>L\u00e0 il y a 0-0, on s&rsquo;est \u00e9crit 0, c&rsquo;est 0. <\/strong><strong>Non, il y a 7-2 pour les Espagnols, moi je suis pour les Espagnols<\/strong><strong>\u00ab\u00a0<\/strong>. Les Huskies de Rouen, qui ont remport\u00e9 leur premier match, affrontent ce vendredi 6 juin les Belges de Deurne Spartans\u2026 Une rencontre qui a d\u00e9but\u00e9 la veille mais qui a du \u00e9t\u00e9 interrompue \u00e0 cause de la pluie.<\/p>\n","protected":false},"excerpt":{"rendered":"\u00ab\u00a0Run\u00a0\u00bb, \u00ab\u00a0second base\u00a0\u00bb, \u00ab\u00a0catcher\u00a0\u00bb\u2026 Des termes que le public assimile depuis mercredi au bord du terrain Pierre-Roland de&hellip;\n","protected":false},"author":2,"featured_media":157326,"comment_status":"","ping_status":"","sticky":false,"template":"","format":"standard","meta":{"footnotes":""},"categories":[9587],"tags":[1111,11,28832,28830,28831,1777,674,1011,27,28833,28835,28829,22461,12,5161,25,9590,517,28834],"class_list":{"0":"post-157325","1":"post","2":"type-post","3":"status-publish","4":"format-standard","5":"has-post-thumbnail","7":"category-rouen","8":"tag-actu","9":"tag-actualites","10":"tag-baseball-rouen","11":"tag-coupe-deurope-baseball","12":"tag-coupe-deurope-rouen","13":"tag-eu","14":"tag-europe","15":"tag-fr","16":"tag-france","17":"tag-halle-saint-exupery","18":"tag-huskies","19":"tag-huskies-rouen","20":"tag-infos-rouen","21":"tag-news","22":"tag-normandie","23":"tag-republique-francaise","24":"tag-rouen","25":"tag-sport","26":"tag-sport-normandie"},"share_on_mastodon":{"url":"https:\/\/pubeurope.com\/@fr\/114638232161346457","error":""},"_links":{"self":[{"href":"https:\/\/www.europesays.com\/fr\/wp-json\/wp\/v2\/posts\/157325","targetHints":{"allow":["GET"]}}],"collection":[{"href":"https:\/\/www.europesays.com\/fr\/wp-json\/wp\/v2\/posts"}],"about":[{"href":"https:\/\/www.europesays.com\/fr\/wp-json\/wp\/v2\/types\/post"}],"author":[{"embeddable":true,"href":"https:\/\/www.europesays.com\/fr\/wp-json\/wp\/v2\/users\/2"}],"replies":[{"embeddable":true,"href":"https:\/\/www.europesays.com\/fr\/wp-json\/wp\/v2\/comments?post=157325"}],"version-history":[{"count":0,"href":"https:\/\/www.europesays.com\/fr\/wp-json\/wp\/v2\/posts\/157325\/revisions"}],"wp:featuredmedia":[{"embeddable":true,"href":"https:\/\/www.europesays.com\/fr\/wp-json\/wp\/v2\/media\/157326"}],"wp:attachment":[{"href":"https:\/\/www.europesays.com\/fr\/wp-json\/wp\/v2\/media?parent=157325"}],"wp:term":[{"taxonomy":"category","embeddable":true,"href":"https:\/\/www.europesays.com\/fr\/wp-json\/wp\/v2\/categories?post=157325"},{"taxonomy":"post_tag","embeddable":true,"href":"https:\/\/www.europesays.com\/fr\/wp-json\/wp\/v2\/tags?post=157325"}],"curies":[{"name":"wp","href":"https:\/\/api.w.org\/{rel}","templated":true}]}}