{"id":157335,"date":"2025-06-06T20:15:19","date_gmt":"2025-06-06T20:15:19","guid":{"rendered":"https:\/\/www.europesays.com\/fr\/157335\/"},"modified":"2025-06-06T20:15:19","modified_gmt":"2025-06-06T20:15:19","slug":"exposition-des-ponts-entre-les-scolaires-et-larchitecture-2","status":"publish","type":"post","link":"https:\/\/www.europesays.com\/fr\/157335\/","title":{"rendered":"Exposition. Des ponts entre les scolaires et l\u2019architecture"},"content":{"rendered":"<p>Le jeu-concours transfrontalier Oscar, organis\u00e9 par la Maison europ\u00e9enne de l\u2019architecture (MEA) depuis bient\u00f4t vingt ans, invite des \u00e9l\u00e8ves de la maternelle \u00e0 la terminale \u00e0 construire des maquettes d\u2019architecture. Dans plusieurs villes d\u2019Alsace ainsi qu\u2019outre-Rhin, des centaines de classes ont particip\u00e9 \u00e0 l\u2019\u00e9v\u00e8nement, dont le th\u00e8me de cette \u00e9dition \u00e9tait \u00ab\u00a0Ponts anim\u00e9s\u00a0\u00bb.<\/p>\n<p>Une exposition rassemblant 12 \u00e9tablissements du Sud Alsace ayant particip\u00e9 \u00e0 ce concours se tient actuellement \u00e0 la Maison&#8230;<\/p>\n","protected":false},"excerpt":{"rendered":"Le jeu-concours transfrontalier Oscar, organis\u00e9 par la Maison europ\u00e9enne de l\u2019architecture (MEA) depuis bient\u00f4t vingt ans, invite des&hellip;\n","protected":false},"author":2,"featured_media":157080,"comment_status":"","ping_status":"","sticky":false,"template":"","format":"standard","meta":{"footnotes":""},"categories":[2820],"tags":[1111,11,3599,1687,1636,1057,1777,674,2271,1011,27,775,1634,12,25,1635,104,640],"class_list":{"0":"post-157335","1":"post","2":"type-post","3":"status-publish","4":"format-standard","5":"has-post-thumbnail","7":"category-strasbourg","8":"tag-actu","9":"tag-actualites","10":"tag-college-lycee","11":"tag-culture-loisirs","12":"tag-edition-mulhouse-thann","13":"tag-education","14":"tag-eu","15":"tag-europe","16":"tag-exposition-arts-plastiques","17":"tag-fr","18":"tag-france","19":"tag-grand-est","20":"tag-mulhouse","21":"tag-news","22":"tag-republique-francaise","23":"tag-secteur-de-mulhouse","24":"tag-societe","25":"tag-strasbourg"},"share_on_mastodon":{"url":"https:\/\/pubeurope.com\/@fr\/114638259850723149","error":""},"_links":{"self":[{"href":"https:\/\/www.europesays.com\/fr\/wp-json\/wp\/v2\/posts\/157335","targetHints":{"allow":["GET"]}}],"collection":[{"href":"https:\/\/www.europesays.com\/fr\/wp-json\/wp\/v2\/posts"}],"about":[{"href":"https:\/\/www.europesays.com\/fr\/wp-json\/wp\/v2\/types\/post"}],"author":[{"embeddable":true,"href":"https:\/\/www.europesays.com\/fr\/wp-json\/wp\/v2\/users\/2"}],"replies":[{"embeddable":true,"href":"https:\/\/www.europesays.com\/fr\/wp-json\/wp\/v2\/comments?post=157335"}],"version-history":[{"count":0,"href":"https:\/\/www.europesays.com\/fr\/wp-json\/wp\/v2\/posts\/157335\/revisions"}],"wp:featuredmedia":[{"embeddable":true,"href":"https:\/\/www.europesays.com\/fr\/wp-json\/wp\/v2\/media\/157080"}],"wp:attachment":[{"href":"https:\/\/www.europesays.com\/fr\/wp-json\/wp\/v2\/media?parent=157335"}],"wp:term":[{"taxonomy":"category","embeddable":true,"href":"https:\/\/www.europesays.com\/fr\/wp-json\/wp\/v2\/categories?post=157335"},{"taxonomy":"post_tag","embeddable":true,"href":"https:\/\/www.europesays.com\/fr\/wp-json\/wp\/v2\/tags?post=157335"}],"curies":[{"name":"wp","href":"https:\/\/api.w.org\/{rel}","templated":true}]}}