{"id":157336,"date":"2025-06-06T20:16:11","date_gmt":"2025-06-06T20:16:11","guid":{"rendered":"https:\/\/www.europesays.com\/fr\/157336\/"},"modified":"2025-06-06T20:16:11","modified_gmt":"2025-06-06T20:16:11","slug":"u17-une-finale-100-grand-est-entre-strasbourg-et-troyes","status":"publish","type":"post","link":"https:\/\/www.europesays.com\/fr\/157336\/","title":{"rendered":"U17. Une finale 100% Grand-Est entre Strasbourg et Troyes"},"content":{"rendered":"<p><img loading=\"lazy\" decoding=\"async\" width=\"696\" height=\"464\" class=\"lazyload entry-thumb\" src=\"https:\/\/www.europesays.com\/fr\/wp-content\/uploads\/2025\/06\/U17-Estac-Troyes-696x464.jpg\" alt=\"U17 ES Troyes AC\" title=\"U17 ES Troyes AC\"\/>Les jeunes Troyens lors du match \u00e0 Metz. (Photo LGEF)<\/p>\n<p class=\"has-medium-font-size\"><strong>Le samedi 7 juin 2025 au Puy-en-Velay (Haute-Loire) a lieu la finale du championnat de France U17. Un match qui oppose l\u2019Estac Troyes au RC Strasbourg. Retour sur le parcours de ces deux \u00e9quipes.<\/strong><\/p>\n<p>Pluie de buts en quart de finale<\/p>\n<p>Le 18 mai dernier, l\u2019Estac Troyes, dauphin du groupe C et auteur d\u2019une tr\u00e8s belle saison, affrontait le Stade Brestois, premier du groupe F. Malgr\u00e9 une domination sur l\u2019ensemble du match, les U17 du Stade Brestois sont tomb\u00e9s sur une \u00e9quipe de Troyes particuli\u00e8rement r\u00e9aliste. Au terme de la rencontre, <a href=\"https:\/\/www.youtube.com\/watch?v=6RI9TUsaN58\" target=\"_blank\" rel=\"noopener\">l\u2019Est l\u2019emporte sur l\u2019Ouest, 3-0.<\/a><\/p>\n<p><strong>Estac Troyes \u2013 Stade Brestois : 3-0<\/strong><br \/><strong>Buts :<\/strong>\u00a0 Soukouna (12\u2032, 52\u2019), Bourlard (90\u2032)<\/p>\n<p>Le 17 mai 2025, L\u2019Est reste invaincu ce jour. <a href=\"https:\/\/www.youtube.com\/watch?v=LQPU5e2rVUg\" target=\"_blank\" rel=\"noopener\">Dans un quart de finale \u00e9poustouflant<\/a>, le Racing s\u2019impose en terre st\u00e9phanoise dans un match \u00e0 sept buts. Si la premi\u00e8re mi-temps voit le Racing \u00eatre secou\u00e9 par de tr\u00e8s bonnes attaques vertes, la seconde mi-temps montre un tout autre visage. Les Strasbourgeois prennent rapidement l\u2019ascendant sur leur adversaire en inscrivant 3 buts en moins de 15 minutes. Malgr\u00e9 un bon retour au score des St\u00e9phanois, qui y croient encore, c\u2019est bien le Racing qui file en demi-finale.<\/p>\n<p><strong>St-\u00c9tienne \u2013 Strasbourg : 3-4<\/strong><br \/><strong>Buts :<\/strong>\u00a0 Antonin (45\u2032, 47\u2032), Bosey (52\u2032), Addich (60\u2032) pour Strasbourg ; Rayan A\u00eft Amer (6\u2019, 62\u2019, 71\u2019) pour St-\u00c9tienne<\/p>\n<p>Demi-finales sous haute tension<\/p>\n<p>Apr\u00e8s leur victoire \u00e0 Brest en quarts de finale (3-0), les U17 de l\u2019Estac Troyes ont r\u00e9alis\u00e9 une performance historique face \u00e0 l\u2019Olympique de Marseille en demi-finale. Les Bleu &amp; Blanc l\u2019ont en effet emport\u00e9 2 \u00e0 0, gr\u00e2ce \u00e0 des r\u00e9alisations de Khays Guimba Babot et Yves Laffet. Les joueurs de Romain Lacombe joueront ainsi la premi\u00e8re finale du championnat de France U17 de l\u2019histoire du club troyen !\u00a0<\/p>\n<p>L\u2019entra\u00eeneur peine \u00e0 cacher la fiert\u00e9 qu\u2019il a pour ses joueurs : <strong>\u00abM\u00eame si on n\u2019a pas eu la fluidit\u00e9 habituelle dans le jeu, on a su r\u00e9pondre avec d\u2019autres valeurs. On a jou\u00e9 avec le c\u0153ur et je les f\u00e9licite ! Face \u00e0 un pressing haut, on savait qu\u2019on pouvait jouer la carte de la profondeur, d\u2019o\u00f9 mes changements offensifs \u00e0 la pause pour apporter davantage de fra\u00eecheur. Et les entrants ont \u00e9t\u00e9 d\u00e9cisifs sur les deux buts ! Cette qualification en finale, c\u2019est le travail de tous ! Les \u00e9motions sont \u00e9normes, c\u2019est l\u2019aboutissement de deux belles saisons et d\u2019un vrai travail collectif. On est pass\u00e9s tr\u00e8s proches des play-offs la saison pass\u00e9e, on avait des regrets. Cette saison, on prend notre revanche ! \u00bb<\/strong><\/p>\n<p><strong>Estac Troyes \u2013 OM : 2-0<\/strong><br \/><strong>Buts :<\/strong>\u00a0 Babot (55\u2032), Laffet (90+1\u2032)<\/p>\n<p>De l\u2019autre c\u00f4t\u00e9, dans une ambiance survolt\u00e9e, le RC Strasbourg Alsace s\u2019est impos\u00e9 2-1 face \u00e0 l\u2019AS B\u00e9ziers. B\u00e9ziers a r\u00e9duit le score en seconde p\u00e9riode mais Strasbourg a tenu bon pour d\u00e9crocher sa place en finale. Les jeunes hommes de Guillaume Lacour participeront alors \u00e0 leur premi\u00e8re finale des championnats de France U17.<\/p>\n<p><strong>Samedi 7 juin \u00e0 15h, au Puy-en-Velay. <a href=\"https:\/\/footamateur.ouest-france.fr\/national-u17-strasbourg-troyes-une-finale-100-grand-est\/\" target=\"_blank\" rel=\"noopener\">Une rencontre 100% Grand-Est.<\/a><\/strong><\/p>\n<p>Les derniers articles par Alexis Rimbert (<a href=\"https:\/\/footamateur.ouest-france.fr\/author\/alexis\/\" target=\"_blank\" rel=\"noopener\">tout voir<\/a>)<\/p>\n","protected":false},"excerpt":{"rendered":"Les jeunes Troyens lors du match \u00e0 Metz. (Photo LGEF) Le samedi 7 juin 2025 au Puy-en-Velay (Haute-Loire)&hellip;\n","protected":false},"author":2,"featured_media":157337,"comment_status":"","ping_status":"","sticky":false,"template":"","format":"standard","meta":{"footnotes":""},"categories":[2820],"tags":[1111,11,16475,1777,674,1011,27,775,12,28836,25,640],"class_list":{"0":"post-157336","1":"post","2":"type-post","3":"status-publish","4":"format-standard","5":"has-post-thumbnail","7":"category-strasbourg","8":"tag-actu","9":"tag-actualites","10":"tag-estac-troyes","11":"tag-eu","12":"tag-europe","13":"tag-fr","14":"tag-france","15":"tag-grand-est","16":"tag-news","17":"tag-rc-strasbourg-alsace","18":"tag-republique-francaise","19":"tag-strasbourg"},"share_on_mastodon":{"url":"https:\/\/pubeurope.com\/@fr\/114638263649395587","error":""},"_links":{"self":[{"href":"https:\/\/www.europesays.com\/fr\/wp-json\/wp\/v2\/posts\/157336","targetHints":{"allow":["GET"]}}],"collection":[{"href":"https:\/\/www.europesays.com\/fr\/wp-json\/wp\/v2\/posts"}],"about":[{"href":"https:\/\/www.europesays.com\/fr\/wp-json\/wp\/v2\/types\/post"}],"author":[{"embeddable":true,"href":"https:\/\/www.europesays.com\/fr\/wp-json\/wp\/v2\/users\/2"}],"replies":[{"embeddable":true,"href":"https:\/\/www.europesays.com\/fr\/wp-json\/wp\/v2\/comments?post=157336"}],"version-history":[{"count":0,"href":"https:\/\/www.europesays.com\/fr\/wp-json\/wp\/v2\/posts\/157336\/revisions"}],"wp:featuredmedia":[{"embeddable":true,"href":"https:\/\/www.europesays.com\/fr\/wp-json\/wp\/v2\/media\/157337"}],"wp:attachment":[{"href":"https:\/\/www.europesays.com\/fr\/wp-json\/wp\/v2\/media?parent=157336"}],"wp:term":[{"taxonomy":"category","embeddable":true,"href":"https:\/\/www.europesays.com\/fr\/wp-json\/wp\/v2\/categories?post=157336"},{"taxonomy":"post_tag","embeddable":true,"href":"https:\/\/www.europesays.com\/fr\/wp-json\/wp\/v2\/tags?post=157336"}],"curies":[{"name":"wp","href":"https:\/\/api.w.org\/{rel}","templated":true}]}}