{"id":157338,"date":"2025-06-06T20:17:10","date_gmt":"2025-06-06T20:17:10","guid":{"rendered":"https:\/\/www.europesays.com\/fr\/157338\/"},"modified":"2025-06-06T20:17:10","modified_gmt":"2025-06-06T20:17:10","slug":"et-si-vous-essayiez-de-faire-du-velo-sur-leau-a-nice-ce-week-end","status":"publish","type":"post","link":"https:\/\/www.europesays.com\/fr\/157338\/","title":{"rendered":"Et si vous essayiez de faire du v\u00e9lo sur l\u2019eau \u00e0 Nice ce week-end?"},"content":{"rendered":"<p>Pourquoi nager quand on peut rouler? Ce samedi 7 et ce dimanche 8 juin, l\u2019association Terre bleue \u2013 qui \u0153uvre pour la sensibilisation des publics aux enjeux de la protection de la terre et de la mer \u2013 propose une exp\u00e9rience unique et gratuite: vingt minutes d\u2019initiation au v\u00e9lo marin.<\/p>\n<p>L\u2019association ni\u00e7oise profite de la Conf\u00e9rence des Nations -Unies sur l\u2019Oc\u00e9an (Unoc-3), pour sensibiliser habitants et visiteurs aux mobilit\u00e9s douces.<\/p>\n<p>Aucune inscription n\u00e9cessaire<\/p>\n<p>Entre 10h30 et 16h30, les cr\u00e9ateurs de ce nouveau mode de d\u00e9placement \u00ab\u00a0doux\u00a0\u00bb vous attendent sur la plage des Ponchettes, \u00e0 Nice. Aucune inscription n\u2019est n\u00e9cessaire, il suffit de se pr\u00e9senter sur place, quai des \u00c9tats-Unis. Pendant vingt minutes, les passionn\u00e9s de la petite reine, enfants comme adultes, pourront s\u2019\u00e9lancer sur la M\u00e9diterran\u00e9e. Une seule comp\u00e9tence requise: avoir un bon sens de l\u2019\u00e9quilibre.<\/p>\n","protected":false},"excerpt":{"rendered":"Pourquoi nager quand on peut rouler? Ce samedi 7 et ce dimanche 8 juin, l\u2019association Terre bleue \u2013&hellip;\n","protected":false},"author":2,"featured_media":157339,"comment_status":"","ping_status":"","sticky":false,"template":"","format":"standard","meta":{"footnotes":""},"categories":[2819],"tags":[1111,11,1777,674,1011,27,12,2401,882,25,3366],"class_list":{"0":"post-157338","1":"post","2":"type-post","3":"status-publish","4":"format-standard","5":"has-post-thumbnail","7":"category-nice","8":"tag-actu","9":"tag-actualites","10":"tag-eu","11":"tag-europe","12":"tag-fr","13":"tag-france","14":"tag-news","15":"tag-nice","16":"tag-provence-alpes-cote-dazur","17":"tag-republique-francaise","18":"tag-vie-locale"},"share_on_mastodon":{"url":"https:\/\/pubeurope.com\/@fr\/114638267560018548","error":""},"_links":{"self":[{"href":"https:\/\/www.europesays.com\/fr\/wp-json\/wp\/v2\/posts\/157338","targetHints":{"allow":["GET"]}}],"collection":[{"href":"https:\/\/www.europesays.com\/fr\/wp-json\/wp\/v2\/posts"}],"about":[{"href":"https:\/\/www.europesays.com\/fr\/wp-json\/wp\/v2\/types\/post"}],"author":[{"embeddable":true,"href":"https:\/\/www.europesays.com\/fr\/wp-json\/wp\/v2\/users\/2"}],"replies":[{"embeddable":true,"href":"https:\/\/www.europesays.com\/fr\/wp-json\/wp\/v2\/comments?post=157338"}],"version-history":[{"count":0,"href":"https:\/\/www.europesays.com\/fr\/wp-json\/wp\/v2\/posts\/157338\/revisions"}],"wp:featuredmedia":[{"embeddable":true,"href":"https:\/\/www.europesays.com\/fr\/wp-json\/wp\/v2\/media\/157339"}],"wp:attachment":[{"href":"https:\/\/www.europesays.com\/fr\/wp-json\/wp\/v2\/media?parent=157338"}],"wp:term":[{"taxonomy":"category","embeddable":true,"href":"https:\/\/www.europesays.com\/fr\/wp-json\/wp\/v2\/categories?post=157338"},{"taxonomy":"post_tag","embeddable":true,"href":"https:\/\/www.europesays.com\/fr\/wp-json\/wp\/v2\/tags?post=157338"}],"curies":[{"name":"wp","href":"https:\/\/api.w.org\/{rel}","templated":true}]}}