{"id":157350,"date":"2025-06-06T20:23:09","date_gmt":"2025-06-06T20:23:09","guid":{"rendered":"https:\/\/www.europesays.com\/fr\/157350\/"},"modified":"2025-06-06T20:23:09","modified_gmt":"2025-06-06T20:23:09","slug":"toulouse-on-sait-combien-de-m3-deau-ont-ete-economises-avec-la-tarification-saisonniere-de-leau","status":"publish","type":"post","link":"https:\/\/www.europesays.com\/fr\/157350\/","title":{"rendered":"Toulouse. On sait combien de m3 d&rsquo;eau ont \u00e9t\u00e9 \u00e9conomis\u00e9s avec la tarification saisonni\u00e8re de l&rsquo;eau"},"content":{"rendered":"<p>            Par<br \/>\n        <strong><br \/>\n            <a href=\"https:\/\/actu.fr\/auteur\/mareva-laville-actu-fr\" title=\"Consulter tous les articles de Mar\u00e9va Laville\" target=\"_blank\" rel=\"noopener\">Mar\u00e9va Laville<\/a><br \/>\n        <\/strong><\/p>\n<p>        Publi\u00e9 le<\/p>\n<p>            6 juin 2025 \u00e0 20h10        <\/p>\n<p>C\u2019\u00e9tait il y a un peu plus d\u2019un an. La M\u00e9tropole de Toulouse lan\u00e7ait alors la<a href=\"https:\/\/actu.fr\/occitanie\/toulouse_31555\/toulouse-derniers-jours-avant-l-augmentation-du-tarif-estival-de-l-eau_62686642.html\" target=\"_blank\" rel=\"noopener\"> <strong>tarification saisonni\u00e8re de l\u2019eau<\/strong><\/a>. Toulouse \u00e9tait alors devenue, le 1er juin 2024, la premi\u00e8re grande m\u00e9tropole fran\u00e7aise \u00e0 appliquer une tarification de ce type, en <strong>augmentant le prix du m\u00e8tre cube<\/strong> <strong>d\u2019eau de 42%<\/strong> <strong>de juin \u00e0 octobre<\/strong>, et en le <strong>baissant de 30% du 1er novembre au 31 mai.<\/strong><\/p>\n<p class=\" wall-content\">Aucune grande m\u00e9tropole n\u2019appliquait encore une telle tarification visant \u00e0 inciter le consommateur \u00e0 utiliser moins d\u2019eau quand elle se fait plus rare pour faire face aux s\u00e9cheresses estivales r\u00e9currentes. Un an apr\u00e8s, quelles en sont les r\u00e9sultats ?\u00a0<\/p>\n<p>800 000 m3 \u00e9conomis\u00e9s avec la tarification saisonni\u00e8re<\/p>\n<p class=\" wall-content\">\u00ab\u00a0Au bout d\u2019un an, le succ\u00e8s, pour \u00eatre franc, est au-del\u00e0 de nos esp\u00e9rances\u00a0\u00bb, s\u2019est f\u00e9licit\u00e9 vendredi le<strong> pr\u00e9sident de Toulouse M\u00e9tropole, Jean-Luc Moudenc,<\/strong> lors de la visite d\u2019une usine d\u2019eau potable \u00e0 Portet-sur-Garonne, dans la banlieue de la Ville rose.<\/p>\n<p class=\" wall-content\">La mise en place il y a un an par Toulouse M\u00e9tropole d\u2019une tarification saisonni\u00e8re a permis d\u2019\u00e9conomiser<strong> 800 000 m3 d\u2019eau potable<\/strong>, sur une consommation totale de quelque 52,5 millions de m3 en 2024, a annonc\u00e9 vendredi Toulouse M\u00e9tropole.<\/p>\n<blockquote class=\"ac-article-quote wall-content\">\n<p>Nous esp\u00e9rions un changement de comportement sur les cinq mois \u00e0 +42%. Ce changement a eu lieu. On a tr\u00e8s pr\u00e9cis\u00e9ment \u00e9conomis\u00e9 sur cette p\u00e9riode 500 000 m3 d&rsquo;eau. Mais ce qu&rsquo;on n&rsquo;avait pas os\u00e9 esp\u00e9rer et que les citoyens ont r\u00e9alis\u00e9 (&#8230;) c&rsquo;est continuer \u00e0 \u00e9conomiser en p\u00e9riode d&rsquo;hiver (lorsque le prix \u00e9tait plus bas, NDLR.).<\/p>\n<p>    <strong>Jean-Luc Moudenc<\/strong><br \/>\n        pr\u00e9sident de Toulouse M\u00e9tropole    <\/p><\/blockquote>\n<p>Vid\u00e9os : en ce moment sur Actu<\/p>\n<p class=\" wall-content\">Un chiffre auquel il faut donc ajouter 300 000 m3 d\u2019eau \u00e9conomis\u00e9s entre novembre 2024 et fin mai 2025 \u00e0 Toulouse, en comparaison aux chiffres des ann\u00e9es pr\u00e9c\u00e9dentes (2023 pour le tarif estival, et 2023-2024 pour le tarif hivernal, NDLR.). \u00c0 noter que 2023 avait subi une <a href=\"https:\/\/meteofrance.com\/actualites-et-dossiers\/actualites\/fortes-chaleurs-aout-2023\" target=\"_blank\" rel=\"noopener\">canicule tardive \u00ab\u00a0exceptionnelle\u00a0\u00bb selon M\u00e9t\u00e9o France au mois d\u2019ao\u00fbt.<\/a><\/p>\n<p>L\u2019impact de la nouvelle tarification exag\u00e9r\u00e9, selon cette association<\/p>\n<p class=\" wall-content\">Cependant, pour <strong>Claude Touchefeu, membre de l\u2019association Eau Secours 31<\/strong>, Jean-Luc Moudenc \u00ab\u00a0exag\u00e8re l\u2019impact\u00a0\u00bb de cette nouvelle tarification.<\/p>\n<p class=\" wall-content\">\u00ab\u00a0Entre 2022 et 2023, lorsque la tarification saisonni\u00e8re n\u2019\u00e9tait pas mise en place, il y a eu une \u00e9conomie d\u2019eau beaucoup plus importante de 2,5 millions de m3 (\u2026) Il y a eu partout en France une baisse \u00e0 ce moment-l\u00e0. Il y a eu un d\u00e9but de <strong>prise de conscience apr\u00e8s la canicule de 2022<\/strong> et des <strong>arr\u00eat\u00e9s pr\u00e9fectoraux<\/strong>\u00a0\u00bb <strong>limitant l\u2019utilisation de l\u2019eau<\/strong>, entre autres facteurs, a pr\u00e9cis\u00e9 l\u2019ex-adjointe de Pierre Cohen, maire socialiste de Toulouse jusqu\u2019en 2014, aupr\u00e8s de l\u2019AFP.<\/p>\n<p class=\" wall-content\">\u00ab\u00a0C\u2019\u00e9tait un processus d\u00e9j\u00e0 commenc\u00e9 et de mani\u00e8re beaucoup plus forte\u00a0\u00bb qui a pu se poursuivre et expliquer cette tendance \u00e0 la baisse, a-t-elle ajout\u00e9.<\/p>\n<p class=\" wall-content\"><strong>Avec AFP<\/strong><\/p>\n<p class=\" wall-content\">Suivez toute l\u2019actualit\u00e9 de vos villes et m\u00e9dias favoris en vous inscrivant \u00e0 <a href=\"https:\/\/moncompte.actu.fr\" title=\"D\u00e9couvez Mon Actu\" rel=\"nofollow noopener\" data-trk=\"{&quot;cta&quot;:{&quot;action&quot;:&quot;https:\\\/\\\/moncompte.actu.fr&quot;,&quot;category&quot;:&quot;mon compte&quot;,&quot;from&quot;:&quot;article footer&quot;,&quot;name&quot;:&quot;Mon actu&quot;,&quot;type&quot;:&quot;cta&quot;}}\" target=\"_blank\">Mon Actu<\/a>.<\/p>\n","protected":false},"excerpt":{"rendered":"Par Mar\u00e9va Laville Publi\u00e9 le 6 juin 2025 \u00e0 20h10 C\u2019\u00e9tait il y a un peu plus d\u2019un&hellip;\n","protected":false},"author":2,"featured_media":157351,"comment_status":"","ping_status":"","sticky":false,"template":"","format":"standard","meta":{"footnotes":""},"categories":[2816],"tags":[1111,11,1777,674,1011,27,12,2680,25,104,2312,1090],"class_list":{"0":"post-157350","1":"post","2":"type-post","3":"status-publish","4":"format-standard","5":"has-post-thumbnail","7":"category-toulouse","8":"tag-actu","9":"tag-actualites","10":"tag-eu","11":"tag-europe","12":"tag-fr","13":"tag-france","14":"tag-news","15":"tag-occitanie","16":"tag-republique-francaise","17":"tag-societe","18":"tag-toulouse","19":"tag-toulouse-metropole"},"share_on_mastodon":{"url":"https:\/\/pubeurope.com\/@fr\/114638291199247702","error":""},"_links":{"self":[{"href":"https:\/\/www.europesays.com\/fr\/wp-json\/wp\/v2\/posts\/157350","targetHints":{"allow":["GET"]}}],"collection":[{"href":"https:\/\/www.europesays.com\/fr\/wp-json\/wp\/v2\/posts"}],"about":[{"href":"https:\/\/www.europesays.com\/fr\/wp-json\/wp\/v2\/types\/post"}],"author":[{"embeddable":true,"href":"https:\/\/www.europesays.com\/fr\/wp-json\/wp\/v2\/users\/2"}],"replies":[{"embeddable":true,"href":"https:\/\/www.europesays.com\/fr\/wp-json\/wp\/v2\/comments?post=157350"}],"version-history":[{"count":0,"href":"https:\/\/www.europesays.com\/fr\/wp-json\/wp\/v2\/posts\/157350\/revisions"}],"wp:featuredmedia":[{"embeddable":true,"href":"https:\/\/www.europesays.com\/fr\/wp-json\/wp\/v2\/media\/157351"}],"wp:attachment":[{"href":"https:\/\/www.europesays.com\/fr\/wp-json\/wp\/v2\/media?parent=157350"}],"wp:term":[{"taxonomy":"category","embeddable":true,"href":"https:\/\/www.europesays.com\/fr\/wp-json\/wp\/v2\/categories?post=157350"},{"taxonomy":"post_tag","embeddable":true,"href":"https:\/\/www.europesays.com\/fr\/wp-json\/wp\/v2\/tags?post=157350"}],"curies":[{"name":"wp","href":"https:\/\/api.w.org\/{rel}","templated":true}]}}