{"id":157360,"date":"2025-06-06T20:28:16","date_gmt":"2025-06-06T20:28:16","guid":{"rendered":"https:\/\/www.europesays.com\/fr\/157360\/"},"modified":"2025-06-06T20:28:16","modified_gmt":"2025-06-06T20:28:16","slug":"a-marseille-le-phare-de-banksy-vandalise-2-fois-en-une-semaine","status":"publish","type":"post","link":"https:\/\/www.europesays.com\/fr\/157360\/","title":{"rendered":"\u00c0 Marseille, le \u00ab\u00a0phare\u00a0\u00bb de Banksy vandalis\u00e9 2 fois en une semaine"},"content":{"rendered":"<ul class=\"jsx-862013697 ArticleChapo__List\">\n<li class=\"jsx-862013697 ArticleChapo__List_Item flex\">Mauvaise surprise pour les riverains qui ont h\u00e9rit\u00e9 d&rsquo;une \u0153uvre de Banksy \u00e0 Marseille le 30 mai dernier.<\/li>\n<li class=\"jsx-862013697 ArticleChapo__List_Item flex\">D\u00e9j\u00e0 vandalis\u00e9 au cours du week-end, le pochoir de l&rsquo;artiste anglais a de nouveau \u00e9t\u00e9 d\u00e9grad\u00e9 dans la nuit de jeudi \u00e0 vendredi.<\/li>\n<li class=\"jsx-862013697 ArticleChapo__List_Item flex\">Alors qu&rsquo;un peintre local travaille \u00e0 sa restauration, une plaque de plexiglas a \u00e9t\u00e9 pos\u00e9e pour le prot\u00e9ger.<\/li>\n<\/ul>\n<p data-module=\"article-paragraph\" class=\"jsx-3046738180 Paragraph\">Une semaine apr\u00e8s son apparition sur un mur d\u2019une rue discr\u00e8te de Marseille, <a href=\"https:\/\/www.tf1info.fr\/culture\/un-pochoir-de-l-enigmatique-banksy-decouvert-dans-une-rue-discrete-a-marseille-2374059.html\" target=\"_blank\" rel=\"noopener\">une \u0153uvre du street artist anglais Banksy<\/a> vient d\u2019\u00eatre vandalis\u00e9e \u00e0 deux reprises coup sur coup. Dans la nuit du samedi 31 mai au dimanche 1er juin, deux testicules ont \u00e9t\u00e9 grossi\u00e8rement peints de chaque c\u00f4t\u00e9 de l\u2019\u0153uvre, un phare sombre au bout duquel appara\u00eet une lumi\u00e8re blanche semblant jouer avec l&rsquo;ombre d&rsquo;un poteau.<\/p>\n<p data-module=\"article-paragraph\" class=\"jsx-3046738180 Paragraph Paragraph__End\">Dans la matin\u00e9e, le peintre local Richard Campana entamait un travail de restauration avec l\u2019aide d\u2019Agn\u00e8s Perrone, une sp\u00e9cialiste en d\u00e9cor du patrimoine qui s&rsquo;est empress\u00e9e d&rsquo;effacer les tags de mauvais go\u00fbt avant de recouvrir l&rsquo;\u0153uvre d&rsquo;un vernis de protection. Mauvaise surprise : dans la nuit de jeudi 5 \u00e0 vendredi 6 juin, l&rsquo;\u0153uvre a de nouveau \u00e9t\u00e9 la cible de vandales.<\/p>\n<blockquote class=\"jsx-2786790838 Quote__Text\"><p>J\u2019ai l\u2019impression d\u2019\u00eatre devenu un peu le service apr\u00e8s-vente du Banksy de Marseille<\/p><\/blockquote>\n<p>Le peintre Richard Campana dans \u00ab\u00a0La Provence\u00a0\u00bb<\/p>\n<p data-module=\"article-paragraph\" class=\"jsx-3046738180 Paragraph\">\u00ab\u00a0Un vigile \u00e9tait pr\u00e9sent sur place et cette nuit, cinq personnes sont venues tenter de d\u00e9grader l\u2019\u0153uvre\u00a0\u00bb, raconte Richard Campana \u00e0 nos confr\u00e8res de <a href=\"https:\/\/www.laprovence.com\/article\/culture-loisirs\/70740377234478\/le-banksy-de-marseille-a-nouveau-tague-et-desormais-protege-par-un-plexiglass\" rel=\"nofollow noopener\" target=\"_blank\">La Provence<\/a>. \u00ab\u00a0Elles se sont embrouill\u00e9es avec le vigile qui les a fait partir, mais trois jets de peinture blanche ont tout de m\u00eame eu lieu autour du pochoir.\u00a0\u00bb<\/p>\n<p data-module=\"article-paragraph\" class=\"jsx-3046738180 Paragraph Paragraph__End\">Alors que le syndic de l\u2019immeuble a fait poser un panneau de plexiglas dans la journ\u00e9e, l\u2019artiste s\u2019est d\u00e9j\u00e0 remis \u00e0 l\u2019\u0153uvre pour effacer les d\u00e9gradations, plus minimes cette fois. \u00ab\u00a0J\u2019ai l\u2019impression d\u2019\u00eatre devenu un peu le service apr\u00e8s-vente du Banksy de Marseille\u00a0\u00bb, plaisante-t-il aupr\u00e8s du quotidien local.<\/p>\n<p><a href=\"https:\/\/www.tf1info.fr\/culture\/art-street-art-banksy-demasque-la-bbc-pense-avoir-enfin-decouvert-son-identite-2276936.html\" rel=\"noopener\" class=\"jsx-3308031228 Link flex\" target=\"_blank\"><img decoding=\"async\" src=\"https:\/\/www.europesays.com\/fr\/wp-content\/uploads\/2025\/06\/banksy-2013-d566b4-0@1x.jpeg\" alt=\"AFP\" loading=\"lazy\" importance=\"low\" fetchpriority=\"low\" class=\"\"\/><\/p>\n<p class=\"jsx-3657663356 ReadMoreArticle__Title\">Lire aussi<\/p>\n<p class=\"jsx-3657663356\">Banksy d\u00e9masqu\u00e9 ? La BBC pense avoir (enfin) d\u00e9couvert son identit\u00e9<\/p>\n<p><\/a><\/p>\n<p data-module=\"article-paragraph\" class=\"jsx-3046738180 Paragraph Paragraph__End\">Reste maintenant \u00e0 savoir si des mesures suppl\u00e9mentaires seront prises pour prot\u00e9ger le pochoir qui attire chaque jour de nombreux visiteurs. Interrog\u00e9 en d\u00e9but de semaines par Franceinfo, le maire de Marseille s\u2019\u00e9tait dit pr\u00eat \u00e0 aider la copropri\u00e9t\u00e9 qui a h\u00e9rit\u00e9 du travail d\u2019un artiste dont certaines cr\u00e9ations se sont d\u00e9j\u00e0 vendues \u00e0 plusieurs millions d\u2019euros aux ench\u00e8res.<\/p>\n<p>J\u00e9r\u00f4me VERMELIN<\/p>\n","protected":false},"excerpt":{"rendered":"Mauvaise surprise pour les riverains qui ont h\u00e9rit\u00e9 d&rsquo;une \u0153uvre de Banksy \u00e0 Marseille le 30 mai dernier.&hellip;\n","protected":false},"author":2,"featured_media":157361,"comment_status":"","ping_status":"","sticky":false,"template":"","format":"standard","meta":{"footnotes":""},"categories":[2814],"tags":[1111,11,1921,1777,674,1011,27,1922,884,2041,12,882,25,133,2040],"class_list":{"0":"post-157360","1":"post","2":"type-post","3":"status-publish","4":"format-standard","5":"has-post-thumbnail","7":"category-marseille","8":"tag-actu","9":"tag-actualites","10":"tag-article-video","11":"tag-eu","12":"tag-europe","13":"tag-fr","14":"tag-france","15":"tag-info","16":"tag-marseille","17":"tag-medias-et-divertissement","18":"tag-news","19":"tag-provence-alpes-cote-dazur","20":"tag-republique-francaise","21":"tag-video","22":"tag-video-culture"},"share_on_mastodon":{"url":"https:\/\/pubeurope.com\/@fr\/114638310917967993","error":""},"_links":{"self":[{"href":"https:\/\/www.europesays.com\/fr\/wp-json\/wp\/v2\/posts\/157360","targetHints":{"allow":["GET"]}}],"collection":[{"href":"https:\/\/www.europesays.com\/fr\/wp-json\/wp\/v2\/posts"}],"about":[{"href":"https:\/\/www.europesays.com\/fr\/wp-json\/wp\/v2\/types\/post"}],"author":[{"embeddable":true,"href":"https:\/\/www.europesays.com\/fr\/wp-json\/wp\/v2\/users\/2"}],"replies":[{"embeddable":true,"href":"https:\/\/www.europesays.com\/fr\/wp-json\/wp\/v2\/comments?post=157360"}],"version-history":[{"count":0,"href":"https:\/\/www.europesays.com\/fr\/wp-json\/wp\/v2\/posts\/157360\/revisions"}],"wp:featuredmedia":[{"embeddable":true,"href":"https:\/\/www.europesays.com\/fr\/wp-json\/wp\/v2\/media\/157361"}],"wp:attachment":[{"href":"https:\/\/www.europesays.com\/fr\/wp-json\/wp\/v2\/media?parent=157360"}],"wp:term":[{"taxonomy":"category","embeddable":true,"href":"https:\/\/www.europesays.com\/fr\/wp-json\/wp\/v2\/categories?post=157360"},{"taxonomy":"post_tag","embeddable":true,"href":"https:\/\/www.europesays.com\/fr\/wp-json\/wp\/v2\/tags?post=157360"}],"curies":[{"name":"wp","href":"https:\/\/api.w.org\/{rel}","templated":true}]}}