{"id":157370,"date":"2025-06-06T20:34:08","date_gmt":"2025-06-06T20:34:08","guid":{"rendered":"https:\/\/www.europesays.com\/fr\/157370\/"},"modified":"2025-06-06T20:34:08","modified_gmt":"2025-06-06T20:34:08","slug":"lourde-peine-pour-lancien-directeur","status":"publish","type":"post","link":"https:\/\/www.europesays.com\/fr\/157370\/","title":{"rendered":"lourde peine pour l&rsquo;ancien directeur"},"content":{"rendered":"<p>            Par<br \/>\n        <strong><br \/>\n            <a href=\"https:\/\/actu.fr\/auteur\/antoine-blanchet\" title=\"Consulter tous les articles de Antoine Blanchet\" rel=\"nofollow noopener\" target=\"_blank\">Antoine Blanchet<\/a><br \/>\n        <\/strong><\/p>\n<p>        Publi\u00e9 le<\/p>\n<p>            6 juin 2025 \u00e0 20h12<br \/>\n        ; mis \u00e0 jour le 6 juin 2025 \u00e0 22h24    <\/p>\n<p>\u00a0<\/p>\n<p class=\" wall-content\">Deux jours \u00e9prouvants. Ce vendredi 6 juin 2025, au proc\u00e8s \u00e0 <a href=\"https:\/\/actu.fr\/ile-de-france\/nanterre_92050\" rel=\"nofollow noopener\" target=\"_blank\">Nanterre<\/a> de\u00a0l\u2019ancien directeur de l\u2019\u00e9cole <strong>Saint-Jean-de-Passy<\/strong> \u00e0 <a href=\"https:\/\/actu.fr\/paris\/\" rel=\"nofollow noopener\" target=\"_blank\">Paris<\/a>, <strong>une peine de cinq ans de prison avec sursis a \u00e9t\u00e9 prononc\u00e9e<\/strong> contre Daniel Chapellier pour agression sexuelle. Le pr\u00e9venu \u00e2g\u00e9 de 75 ans est accus\u00e9 d\u2019avoir commis des attouchements sur un \u00e9l\u00e8ve de 14 ans en 2018.<\/p>\n<p>De nombreux t\u00e9moignages \u00e0 d\u00e9charge<\/p>\n<p class=\" wall-content\">Pendant deux jours, deux versions se sont oppos\u00e9es dans le pr\u00e9toire. D\u2019un c\u00f4t\u00e9, celle de Lucas*. Le jeune homme, absent lors du proc\u00e8s, affirme <strong>que le pr\u00e9venu l\u2019a touch\u00e9 dans son bureau<\/strong> et lui avait impos\u00e9 de toucher ses parties intimes. \u00c0 l\u2019inverse, l\u2019ancien proviseur, pass\u00e9 par plusieurs \u00e9tablissements priv\u00e9s catholiques <a href=\"https:\/\/actu.fr\/ile-de-france\/paris_75056\/c-est-la-terreur-une-inspectrice-devoile-les-dessous-de-son-enquete-au-college-stanislas-a-paris_62669812.html\" rel=\"nofollow noopener\" target=\"_blank\">comme le coll\u00e8ge Stanislas<\/a>, avait ni\u00e9 en bloc toute agression. Son r\u00e9cit des faits : l\u2019\u00e9l\u00e8ve aurait baiss\u00e9 son pantalon et lui aurait demand\u00e9 une fellation.\u00a0<\/p>\n<p class=\" wall-content\">Les d\u00e9bats furent intenses et d\u00e9s\u00e9quilibr\u00e9s. Les parents de la victime ont r\u00e9affirm\u00e9 les accusations de leur fils. Dans l\u2019autre h\u00e9misph\u00e8re judiciaire, le pr\u00e9venu de 76 ans a farouchement balay\u00e9 les faits, arguant de sa longue exp\u00e9rience sans taches. Ce dernier <a href=\"https:\/\/actu.fr\/ile-de-france\/paris_75056\/proces-de-l-ancien-directeur-de-saint-jean-de-passy-a-paris-ses-proches-font-tout-pour-l-innocenter_62740319.html\" rel=\"nofollow noopener\" target=\"_blank\">\u00e9tait \u00e9paul\u00e9 par 11 t\u00e9moins de moralit\u00e9<\/a>. Anciens \u00e9l\u00e8ves, fils et coll\u00e8gues se sont relay\u00e9s pour faire l\u2019\u00e9loge de Daniel Chapellier et donner des coups de canif dans la probit\u00e9 de la victime, qualifi\u00e9e de menteuse, voire d\u00e9viante sexuellement.\u00a0<\/p>\n<p>\u00ab\u00a0Emprise\u00a0\u00bb et \u00ab\u00a0gourou\u00a0\u00bb\u00a0<\/p>\n<p class=\" wall-content\">Cette strat\u00e9gie de la d\u00e9fense a passablement irrit\u00e9 la famille de Lucas et leurs avocates. \u00ab\u00a0J\u2019ai \u00e9t\u00e9 tr\u00e8s choqu\u00e9e sur comment on a tent\u00e9 d\u2019hypersexualiser un adolescent sans rien d\u00e9montrer et sans aucun fait circonstanci\u00e9\u00a0\u00bb, s\u2019est indign\u00e9e l\u2019une des conseils. La p\u00e9naliste parle des t\u00e9moins comme \u00ab\u00a0d\u2019anciens \u00e9l\u00e8ves sous emprise qui parlent de monsieur Chapellier comme des petits enfants devant leur paternel\u00a0\u00bb. Sa cons\u0153ur n\u2019h\u00e9site pas \u00e0 parler d\u2019un gourou. Pour ce c\u00f4t\u00e9 du pr\u00e9toire, les faits d\u2019agression sont \u00e9tablis.\u00a0<\/p>\n<p>Vid\u00e9os : en ce moment sur Actu<\/p>\n<p class=\" wall-content\">C\u00f4t\u00e9 parquet, on est aussi convaincu de la culpabilit\u00e9 de Daniel Chapellier. On pointe du doigt des \u00ab\u00a0\u00e9volutions dans ses d\u00e9clarations. M\u00eame \u00e0 l\u2019audience\u00a0\u00bb. La magistrate juge peu cr\u00e9dible la version du pr\u00e9venu, o\u00f9, sid\u00e9r\u00e9, il n\u2019aurait absolument rien fait face \u00e0 l\u2019\u00e9l\u00e8ve en pleine exhibition sexuelle dans son bureau. \u00ab\u00a0Je veux bien qu\u2019on soit estomaqu\u00e9 quelques minutes. Mais les \u00e9l\u00e9ments de sid\u00e9ration ne durent pas des heures et des jours\u00a0\u00bb. La procureure d\u00e9nonce des faits \u00ab\u00a0graves\u00a0\u00bb, mais demande au tribunal de prendre en compte le grand \u00e2ge du pr\u00e9venu. Elle requiert<strong> trois ans de prison avec sursis,<\/strong> ainsi qu\u2019une interdiction d\u00e9finitive d\u2019exercer une activit\u00e9 avec des mineurs.\u00a0<\/p>\n<p>La d\u00e9fense met en doute la v\u00e9racit\u00e9 de l\u2019adolescent<\/p>\n<p class=\" wall-content\">\u00c0 l\u2019inverse, la d\u00e9fense, repr\u00e9sent\u00e9e par <strong>Me Yassine Yakouti<\/strong> et <strong>Me Marie Violleau<\/strong>, on d\u00e9nonce un proc\u00e8s devenu celui des \u00e9tablissements catholiques en g\u00e9n\u00e9ral. Dans les plaidoiries, on met en doute la v\u00e9racit\u00e9 de Lucas. \u00ab\u00a0Est-ce qu\u2019un enfant de 14 ans peut mentir et raconter n\u2019importe quoi ? Je r\u00e9ponds que oui. Personne n\u2019a de totem d\u2019immunit\u00e9\u00a0\u00bb, argue Me Yakouti. Le p\u00e9naliste met aussi en avant l\u2019absence d\u2019autres d\u00e9nonciations d\u2019\u00e9l\u00e8ves ant\u00e9rieures aux faits. \u00ab\u00a0L\u2019ypoth\u00e8se d\u2019un coup de folie. Je n\u2019y adh\u00e8re pas. Je n\u2019y crois pas\u00a0\u00bb, tonne-t-il.\u00a0<\/p>\n<p class=\" wall-content\">Finalement, le tribunal a eu la main plus lourde que le parquet. Daniel Chapellier est condamn\u00e9 \u00e0 5 ann\u00e9es de prison avec sursis.\u00a0<\/p>\n<p class=\" wall-content\">Suivez toute l\u2019actualit\u00e9 de vos villes et m\u00e9dias favoris en vous inscrivant \u00e0 <a href=\"https:\/\/moncompte.actu.fr\" title=\"D\u00e9couvez Mon Actu\" rel=\"nofollow noopener\" data-trk=\"{&quot;cta&quot;:{&quot;action&quot;:&quot;https:\\\/\\\/moncompte.actu.fr&quot;,&quot;category&quot;:&quot;mon compte&quot;,&quot;from&quot;:&quot;article footer&quot;,&quot;name&quot;:&quot;Mon actu&quot;,&quot;type&quot;:&quot;cta&quot;}}\" target=\"_blank\">Mon Actu<\/a>.<\/p>\n","protected":false},"excerpt":{"rendered":"Par Antoine Blanchet Publi\u00e9 le 6 juin 2025 \u00e0 20h12 ; mis \u00e0 jour le 6 juin 2025&hellip;\n","protected":false},"author":2,"featured_media":157371,"comment_status":"","ping_status":"","sticky":false,"template":"","format":"standard","meta":{"footnotes":""},"categories":[1888],"tags":[1111,1928,11,1927,1777,674,118,1011,27,303,12,1926,626,1925,2694,25,799],"class_list":{"0":"post-157370","1":"post","2":"type-post","3":"status-publish","4":"format-standard","5":"has-post-thumbnail","7":"category-paris","8":"tag-actu","9":"tag-actu-paris","10":"tag-actualites","11":"tag-actualites-paris","12":"tag-eu","13":"tag-europe","14":"tag-faits-divers","15":"tag-fr","16":"tag-france","17":"tag-justice","18":"tag-news","19":"tag-news-paris","20":"tag-paris","21":"tag-paris-news","22":"tag-proces","23":"tag-republique-francaise","24":"tag-violences-sexuelles"},"share_on_mastodon":{"url":"https:\/\/pubeurope.com\/@fr\/114638334734750430","error":""},"_links":{"self":[{"href":"https:\/\/www.europesays.com\/fr\/wp-json\/wp\/v2\/posts\/157370","targetHints":{"allow":["GET"]}}],"collection":[{"href":"https:\/\/www.europesays.com\/fr\/wp-json\/wp\/v2\/posts"}],"about":[{"href":"https:\/\/www.europesays.com\/fr\/wp-json\/wp\/v2\/types\/post"}],"author":[{"embeddable":true,"href":"https:\/\/www.europesays.com\/fr\/wp-json\/wp\/v2\/users\/2"}],"replies":[{"embeddable":true,"href":"https:\/\/www.europesays.com\/fr\/wp-json\/wp\/v2\/comments?post=157370"}],"version-history":[{"count":0,"href":"https:\/\/www.europesays.com\/fr\/wp-json\/wp\/v2\/posts\/157370\/revisions"}],"wp:featuredmedia":[{"embeddable":true,"href":"https:\/\/www.europesays.com\/fr\/wp-json\/wp\/v2\/media\/157371"}],"wp:attachment":[{"href":"https:\/\/www.europesays.com\/fr\/wp-json\/wp\/v2\/media?parent=157370"}],"wp:term":[{"taxonomy":"category","embeddable":true,"href":"https:\/\/www.europesays.com\/fr\/wp-json\/wp\/v2\/categories?post=157370"},{"taxonomy":"post_tag","embeddable":true,"href":"https:\/\/www.europesays.com\/fr\/wp-json\/wp\/v2\/tags?post=157370"}],"curies":[{"name":"wp","href":"https:\/\/api.w.org\/{rel}","templated":true}]}}