{"id":157380,"date":"2025-06-06T20:39:09","date_gmt":"2025-06-06T20:39:09","guid":{"rendered":"https:\/\/www.europesays.com\/fr\/157380\/"},"modified":"2025-06-06T20:39:09","modified_gmt":"2025-06-06T20:39:09","slug":"lheure-de-la-vengeance-de-la-russie-a-sonne-et-les-drones-clandestins-de-kiev-se-faufilent-encore","status":"publish","type":"post","link":"https:\/\/www.europesays.com\/fr\/157380\/","title":{"rendered":"L\u2019heure de la vengeance de la Russie a sonn\u00e9 et les drones clandestins de Kiev se faufilent encore"},"content":{"rendered":"<p>Vous avez rat\u00e9 les derniers \u00e9v\u00e9nements sur la <a href=\"https:\/\/www.20minutes.fr\/monde\/ukraine\/\" class=\"color-ultramarine c-link\" target=\"_blank\" rel=\"noopener\">guerre en Ukraine<\/a>\u00a0? 20 Minutes fait le point pour vous tous les soirs. Voici l\u2019essentiel de ce vendredi 6\u00a0juin 2025, 1.199e jour du conflit.<\/p>\n<p>Le fait du jour<\/p>\n<p>Le <a href=\"https:\/\/www.20minutes.fr\/dossier\/kremlin\" class=\"color-ultramarine c-link\" target=\"_blank\" rel=\"noopener\">Kremlin<\/a> n\u2019avait pas myst\u00e8re de son intention de \u00ab\u00a0riposte\u00a0\u00bb apr\u00e8s les attaques spectaculaires sur son soir. La vengeance a sonn\u00e9 sous la forme d\u2019une pluie de drones et de missiles. Au cours de la nuit de jeudi \u00e0 vendredi, la <a href=\"https:\/\/www.20minutes.fr\/monde\/russie\/\" class=\"color-ultramarine c-link\" target=\"_blank\" rel=\"noopener\">Russie<\/a> a men\u00e9 des frappes dans neuf r\u00e9gions d\u2019Ukraine, notamment \u00e0 Kiev, la capitale. Selon l\u2019arm\u00e9e de l\u2019air ukrainienne, le pays a \u00e9t\u00e9 attaqu\u00e9 par 407 drones et 45 missiles.<\/p>\n<p>Le minist\u00e8re russe de la D\u00e9fense a dit avoir cibl\u00e9 des sites militaires ukrainiens, \u00ab\u00a0en riposte\u00a0\u00bb aux r\u00e9centes attaques \u00ab\u00a0terroristes\u00a0\u00bb de Kiev en territoire russe. Le bilan de ces frappes est d\u2019au moins quatre morts dans la r\u00e9gion de Kiev et de plusieurs dizaines de bless\u00e9s.<\/p>\n<p>Au cours du week-end dernier, l\u2019Ukraine avait endommag\u00e9 ou d\u00e9truit de nombreux avions militaires sur plusieurs a\u00e9rodromes russes \u00e0 l\u2019aide de drones amen\u00e9s clandestinement. Elle est aussi accus\u00e9e par le Kremlin d\u2019\u00eatre \u00e0 l\u2019origine des explosions ayant provoqu\u00e9 l\u2019effondrement de deux ponts et le d\u00e9raillement de trois trains en Russie au cours du m\u00eame week-end, qui ont fait sept morts et plus d\u2019une centaine de bless\u00e9s, dont des enfants.<\/p>\n<p>La d\u00e9claration du jour<\/p>\n<blockquote class=\"mx-m@xs mx-xxl@md color-ultramarine c-citation\">\n<p class=\"font-weight-regular@xs text-italic font-source-serif-pro text-l@xs c-citation__content\">\u00ab\u00a0\u00ab\u00a0Pour nous, [l\u2019op\u00e9ration sp\u00e9ciale en Ukraine] est une question existentielle, une question de nos int\u00e9r\u00eats nationaux, de la s\u00e9curit\u00e9, de notre avenir et de celui de nos enfants\u00a0\u00bb\u00a0\u00bb<\/p>\n<\/blockquote>\n<p>La d\u00e9claration du porte-parole du Kremlin, Dmitri Peskov, ce vendredi, en r\u00e9ponse \u00e0 une question sur des d\u00e9clarations de <a href=\"https:\/\/www.20minutes.fr\/dossier\/donald_trump\" class=\"color-ultramarine c-link\" target=\"_blank\" rel=\"noopener\">Donald Trump<\/a> qui a compar\u00e9 jeudi le conflit en Ukraine \u00e0 une \u00ab\u00a0bagarre\u00a0\u00bb dans un parc entre \u00ab\u00a0deux jeunes enfants\u00a0\u00bb.<\/p>\n<\/p>\n<p>Le chiffre du jour<\/p>\n<p>2. Le nombre de drones \u00ab\u00a0pr\u00eats \u00e0 d\u00e9coller\u00a0\u00bb que la Garde nationale russe dit avoir retrouv\u00e9 lors de l\u2019interpellation d\u2019un homme qui, selon elle, pr\u00e9parait une attaque de drones sur un site militaire. Cette attaque visait \u00ab\u00a0un site militaire dans la r\u00e9gion de Riazan\u00a0\u00bb, au sud-est de Moscou. \u00ab\u00a0Lors de son arrestation, le criminel a oppos\u00e9 une r\u00e9sistance arm\u00e9e et a \u00e9t\u00e9 neutralis\u00e9\u00a0\u00bb, a indiqu\u00e9 la Garde nationale sur Telegram. L\u2019homme a donc \u00e9t\u00e9 abattu.<\/p>\n<p>La tendance<\/p>\n<p>La Maison-Blanche go\u00fbte mod\u00e9r\u00e9ment les liens \u00e9troits entre la <a href=\"https:\/\/www.20minutes.fr\/monde\/coree_du_nord\/\" class=\"color-ultramarine c-link\" target=\"_blank\" rel=\"noopener\">Cor\u00e9e du Nord<\/a> et la Russie. Les Etats-Unis ont officiellement appel\u00e9 jeudi \u00e0 la \u00ab\u00a0fin\u00a0\u00bb de la coop\u00e9ration entre les deux alli\u00e9s apr\u00e8s que le dirigeant nord-cor\u00e9en <a href=\"https:\/\/www.20minutes.fr\/monde\/kim_jong_un\/\" class=\"color-ultramarine c-link\" target=\"_blank\" rel=\"noopener\">Kim Jong-un<\/a> a promis, une nouvelle fois, d\u2019apporter un \u00ab\u00a0soutien inconditionnel\u00a0\u00bb \u00e0 Moscou dans sa guerre en Ukraine.<\/p>\n<p><a href=\"https:\/\/www.20minutes.fr\/monde\/ukraine\/\" class=\"c-link c-btn c-btn--primary\" target=\"_blank\" rel=\"noopener\">Notre dossier sur la guerre en Ukraine<\/a><\/p>\n<p>\u00ab\u00a0Le d\u00e9ploiement militaire de la Cor\u00e9e du Nord en Russie, ainsi que tout soutien fourni par la Russie \u00e0 la Cor\u00e9e du Nord en \u00e9change, doivent cesser\u00a0\u00bb, a d\u00e9clar\u00e9 le porte-parole du d\u00e9partement d\u2019Etat am\u00e9ricain Tommy Pigott \u00e0 la presse.<\/p>\n","protected":false},"excerpt":{"rendered":"Vous avez rat\u00e9 les derniers \u00e9v\u00e9nements sur la guerre en Ukraine\u00a0? 20 Minutes fait le point pour vous&hellip;\n","protected":false},"author":2,"featured_media":157381,"comment_status":"","ping_status":"","sticky":false,"template":"","format":"standard","meta":{"footnotes":""},"categories":[1590],"tags":[47,11,13987,75,73,1777,674,131,15404,4998,74,1916,12,132,220,134,2744],"class_list":{"0":"post-157380","1":"post","2":"type-post","3":"status-publish","4":"format-standard","5":"has-post-thumbnail","7":"category-ukraine","8":"tag-actualite","9":"tag-actualites","10":"tag-coree-du-nord","11":"tag-donald-trump","12":"tag-etats-unis","13":"tag-eu","14":"tag-europe","15":"tag-guerre-en-ukraine","16":"tag-kim-jong-un","17":"tag-kremlin","18":"tag-monde","19":"tag-moscou","20":"tag-news","21":"tag-russie","22":"tag-ukraine","23":"tag-volodymyr-zelensky","24":"tag-washington"},"share_on_mastodon":{"url":"https:\/\/pubeurope.com\/@fr\/114638354099029772","error":""},"_links":{"self":[{"href":"https:\/\/www.europesays.com\/fr\/wp-json\/wp\/v2\/posts\/157380","targetHints":{"allow":["GET"]}}],"collection":[{"href":"https:\/\/www.europesays.com\/fr\/wp-json\/wp\/v2\/posts"}],"about":[{"href":"https:\/\/www.europesays.com\/fr\/wp-json\/wp\/v2\/types\/post"}],"author":[{"embeddable":true,"href":"https:\/\/www.europesays.com\/fr\/wp-json\/wp\/v2\/users\/2"}],"replies":[{"embeddable":true,"href":"https:\/\/www.europesays.com\/fr\/wp-json\/wp\/v2\/comments?post=157380"}],"version-history":[{"count":0,"href":"https:\/\/www.europesays.com\/fr\/wp-json\/wp\/v2\/posts\/157380\/revisions"}],"wp:featuredmedia":[{"embeddable":true,"href":"https:\/\/www.europesays.com\/fr\/wp-json\/wp\/v2\/media\/157381"}],"wp:attachment":[{"href":"https:\/\/www.europesays.com\/fr\/wp-json\/wp\/v2\/media?parent=157380"}],"wp:term":[{"taxonomy":"category","embeddable":true,"href":"https:\/\/www.europesays.com\/fr\/wp-json\/wp\/v2\/categories?post=157380"},{"taxonomy":"post_tag","embeddable":true,"href":"https:\/\/www.europesays.com\/fr\/wp-json\/wp\/v2\/tags?post=157380"}],"curies":[{"name":"wp","href":"https:\/\/api.w.org\/{rel}","templated":true}]}}