{"id":157386,"date":"2025-06-06T20:42:09","date_gmt":"2025-06-06T20:42:09","guid":{"rendered":"https:\/\/www.europesays.com\/fr\/157386\/"},"modified":"2025-06-06T20:42:09","modified_gmt":"2025-06-06T20:42:09","slug":"des-juges-menaces-apres-avoir-juge-illegal-le-refoulement-de-trois-demandeurs-dasile-somaliens","status":"publish","type":"post","link":"https:\/\/www.europesays.com\/fr\/157386\/","title":{"rendered":"des juges menac\u00e9s apr\u00e8s avoir jug\u00e9 ill\u00e9gal le refoulement de trois demandeurs d\u2019asile somaliens"},"content":{"rendered":"<p>La ministre allemande de la Justice, Stefanie Hubig, estime que \u00abquiconque attaque ou menace des juges s\u2019en prend au c\u0153ur m\u00eame de notre \u00c9tat de droit\u00bb.<\/p>\n<p class=\"fig-paragraph\">La ministre allemande de la Justice s&rsquo;est alarm\u00e9e vendredi de \u00abdiffamations\u00bb et d&rsquo;\u00abattaques\u00bb \u00e0 l&rsquo;encontre de juges d&rsquo;un tribunal berlinois qui a r\u00e9cemment estim\u00e9 ill\u00e9gal le refoulement de trois demandeurs d&rsquo;asile somaliens, contrecarrant la politique du gouvernement. \u00abQuiconque attaque ou menace des juges s&rsquo;en prend au c\u0153ur m\u00eame de notre \u00c9tat de droit. Suite aux d\u00e9cisions du tribunal administratif de Berlin concernant les refoulements \u00e0 la fronti\u00e8re, nous assistons \u00e0 des attaques massives contre la justice\u00bb, a d\u00e9plor\u00e9 Stefanie Hubig lors d&rsquo;une r\u00e9union avec ses homologues r\u00e9gionaux. Elle a jug\u00e9 ces mises en cause \u00abalarmantes\u00bb car elles visent aussi \u00able droit lui-m\u00eame et l&rsquo;id\u00e9e d&rsquo;une justice ind\u00e9pendante\u00bb.<\/p>\n<p class=\"fig-paragraph\">Le renvoi de demandeurs d&rsquo;asile aux fronti\u00e8res fait partie des mesures phares mises en place par le nouveau gouvernement\u00a0<a href=\"http:\/\/www.lefigaro.fr\/international\/face-a-trump-merz-affronte-sa-premiere-grande-epreuve-diplomatique-20250605\" target=\"_blank\" data-fig-type=\"Article\" rel=\"noopener nofollow\" data-gtm-custom-categorie=\"navigation\" data-gtm-custom-action=\"crossclick\" data-gtm-custom-label=\"Contextuel\" data-gtm-event=\"customEventSPE\" data-fig-domain=\"LEFIGARO\">de Friedrich Merz<\/a>\u00a0afin de r\u00e9duire l&rsquo;immigration dans le pays. Or il a essuy\u00e9 un revers judiciaire lundi quand le tribunal a jug\u00e9 ill\u00e9gal le renvoi des trois Somaliens arriv\u00e9s de Pologne. Jeudi, deux associations de juges de la capitale ont aussi fait \u00e9tat de \u00abdiffamations et menaces personnelles\u00bb \u00e0 l&rsquo;encontre de trois coll\u00e8gues impliqu\u00e9s dans la d\u00e9cision du tribunal. \u00abCela va trop loin\u00a0!\u00bb, ont-ils d\u00e9plor\u00e9 dans un communiqu\u00e9, sans pr\u00e9ciser la nature et le support de ces attaques.<\/p>\n<p>D\u00e9bat sur la politique migratoire<\/p>\n<p class=\"fig-paragraph\">Le tribunal berlinois a estim\u00e9 que l&rsquo;Allemagne est, en vertu de la proc\u00e9dure europ\u00e9enne dite de Dublin, contrainte d&rsquo;examiner si les migrants concern\u00e9s sont pass\u00e9s au pr\u00e9alable par d&rsquo;autres pays de l&rsquo;UE, et de d\u00e9terminer quel Etat membre est responsable de la demande d&rsquo;asile. Le ministre de l&rsquo;Int\u00e9rieur Alexander Dobrindt avait minimis\u00e9 la port\u00e9e du jugement, d\u00e9clarant vouloir maintenir les refoulements que le gouvernement estime \u00abjuridiquement fond\u00e9s\u00bb. Si la d\u00e9cision du tribunal n&rsquo;a de cons\u00e9quences concr\u00e8tes que sur les trois cas individuels, elle a attis\u00e9 le d\u00e9bat sur la politique migratoire.<\/p>\n<p class=\"fig-paragraph\">Mardi, Friedrich Merz a fermement d\u00e9fendu sa politique, alors que l&rsquo;opposition l&rsquo;accuse d&rsquo;\u00eatre pr\u00eat \u00e0 \u00abvioler le droit\u00bb pour r\u00e9duire l&rsquo;immigration, ce qu&rsquo;il r\u00e9cuse. \u00abNous savons que nous pouvons toujours proc\u00e9der \u00e0 des refoulements\u00bb, a assur\u00e9 le chancelier lors d&rsquo;un congr\u00e8s des communes et villes allemandes. Le dirigeant avait promis pendant la campagne \u00e9lectorale de r\u00e9duire nettement l&rsquo;immigration dans le pays, apr\u00e8s plusieurs agressions mortelles ayant impliqu\u00e9 des \u00e9trangers. Il esp\u00e8re ainsi contenir le parti d&rsquo;extr\u00eame-droite AfD, dauphin des derni\u00e8res \u00e9lections l\u00e9gislatives qui continue de grimper dans les sondages.<\/p>\n","protected":false},"excerpt":{"rendered":"La ministre allemande de la Justice, Stefanie Hubig, estime que \u00abquiconque attaque ou menace des juges s\u2019en prend&hellip;\n","protected":false},"author":2,"featured_media":157387,"comment_status":"","ping_status":"","sticky":false,"template":"","format":"standard","meta":{"footnotes":""},"categories":[1587],"tags":[259,11,260,672,1804,1805,1803,1777,674,1801,14,1251,261,12,262,1802],"class_list":{"0":"post-157386","1":"post","2":"type-post","3":"status-publish","4":"format-standard","5":"has-post-thumbnail","7":"category-allemagne","8":"tag-actualite-internationale","9":"tag-actualites","10":"tag-affaires-etrangeres","11":"tag-allemagne","12":"tag-bundesrepublik-deutschland","13":"tag-de","14":"tag-deutschland","15":"tag-eu","16":"tag-europe","17":"tag-germany","18":"tag-international","19":"tag-migrants","20":"tag-ministere-des-affaires-etrangeres","21":"tag-news","22":"tag-politique-etrangere","23":"tag-republique-federale-dallemagne"},"share_on_mastodon":{"url":"https:\/\/pubeurope.com\/@fr\/114638365858147005","error":""},"_links":{"self":[{"href":"https:\/\/www.europesays.com\/fr\/wp-json\/wp\/v2\/posts\/157386","targetHints":{"allow":["GET"]}}],"collection":[{"href":"https:\/\/www.europesays.com\/fr\/wp-json\/wp\/v2\/posts"}],"about":[{"href":"https:\/\/www.europesays.com\/fr\/wp-json\/wp\/v2\/types\/post"}],"author":[{"embeddable":true,"href":"https:\/\/www.europesays.com\/fr\/wp-json\/wp\/v2\/users\/2"}],"replies":[{"embeddable":true,"href":"https:\/\/www.europesays.com\/fr\/wp-json\/wp\/v2\/comments?post=157386"}],"version-history":[{"count":0,"href":"https:\/\/www.europesays.com\/fr\/wp-json\/wp\/v2\/posts\/157386\/revisions"}],"wp:featuredmedia":[{"embeddable":true,"href":"https:\/\/www.europesays.com\/fr\/wp-json\/wp\/v2\/media\/157387"}],"wp:attachment":[{"href":"https:\/\/www.europesays.com\/fr\/wp-json\/wp\/v2\/media?parent=157386"}],"wp:term":[{"taxonomy":"category","embeddable":true,"href":"https:\/\/www.europesays.com\/fr\/wp-json\/wp\/v2\/categories?post=157386"},{"taxonomy":"post_tag","embeddable":true,"href":"https:\/\/www.europesays.com\/fr\/wp-json\/wp\/v2\/tags?post=157386"}],"curies":[{"name":"wp","href":"https:\/\/api.w.org\/{rel}","templated":true}]}}