{"id":15739,"date":"2025-04-10T19:49:21","date_gmt":"2025-04-10T19:49:21","guid":{"rendered":"https:\/\/www.europesays.com\/fr\/15739\/"},"modified":"2025-04-10T19:49:21","modified_gmt":"2025-04-10T19:49:21","slug":"nous-avons-vu-nos-vies-partir-en-fumee-cette-famille-a-tout-perdu-dans-un-incendie-a","status":"publish","type":"post","link":"https:\/\/www.europesays.com\/fr\/15739\/","title":{"rendered":"\u00ab\u00a0Nous avons vu nos vies partir en fum\u00e9e\u00a0\u00bb\u00a0: cette famille a tout perdu dans un incendie \u00e0"},"content":{"rendered":"<p><strong>\u00ab\u00a0En dix minutes, nous avons vu nos vies, nos souvenirs, partir en fum\u00e9e dans un brasier incontr\u00f4lable\u00a0\u00bb<\/strong>. Une famille, victime de <a href=\"https:\/\/lille.maville.com\/actu\/actudet_-lille-un-incendie-se-declare-au-sommet-d-un-immeuble-200-personnes-evacuees-_12679-6747416_actu.Htm\" target=\"_blank\" rel=\"nofollow noopener\">l\u2019incendie qui a ravag\u00e9 plusieurs habitations \u00e0 Lille<\/a> mercredi 2\u00a0avril, a lanc\u00e9 <a href=\"https:\/\/www.leetchi.com\/fr\/c\/soutien-incendie-cyril-sam-7306535\" target=\"_blank\" rel=\"nofollow noopener\">une cagnotte en ligne <\/a> <strong>\u00ab\u00a0pour tenter de traverser cette \u00e9preuve\u00a0\u00bb<\/strong>. \u00c0 ce jour, cette initiative a permis de r\u00e9colter un peu plus de 5\u00a0000\u00a0\u20ac gr\u00e2ce \u00e0 la g\u00e9n\u00e9rosit\u00e9 d\u2019une centaine de personnes.<\/p>\n<p>\u00ab\u00a0Nous avons \u00e9t\u00e9 pi\u00e9g\u00e9s, avec les enfants, par les flammes\u00a0\u00bb<\/p>\n<p>Le couple, parent d\u2019une\u00a0petite fille de 16\u00a0mois selon <a href=\"https:\/\/www.bfmtv.com\/grand-lille\/incendie-a-lille-une-cagnotte-ouverte-pour-aider-un-jeune-couple-sinistre_AN-202504080282.html\" target=\"_blank\" rel=\"nofollow noopener\"> BFM Lille <\/a>, raconte le cauchemar qu\u2019il a v\u00e9cu avec ses voisins dans le texte qui accompagne la cagnotte sur le site leetchi.com. <strong>\u00ab\u00a0Nous avons \u00e9t\u00e9 pi\u00e9g\u00e9s, avec les enfants, par les flammes, sans possibilit\u00e9 de nous \u00e9chapper. [\u2026]\u00a0Avec beaucoup de sang-froid, nous avons d\u00fb enjamber les garde-corps des balcons, les enfants dans les bras, pour atteindre la corniche et longer toute la fa\u00e7ade du b\u00e2timent. Par chance, aucun d\u2019entre nous n\u2019a \u00e9t\u00e9 bless\u00e9 physiquement.\u00a0\u00bb<\/strong><\/p>\n<p>L\u2019incendie s\u2019est d\u00e9clar\u00e9 au dernier \u00e9tage d\u2019un immeuble\u00a0situ\u00e9\u00a0boulevard de Verdun. Le feu s\u2019est propag\u00e9 dans des maisons nordiques avec un bardage en bois, am\u00e9nag\u00e9es sur le toit du b\u00e2timent.\u00a0Au total, 200\u00a0personnes ont \u00e9t\u00e9 \u00e9vacu\u00e9es et cinq familles ont \u00e9t\u00e9 relog\u00e9es.<\/p>\n<p>\u00a0<\/p>\n","protected":false},"excerpt":{"rendered":"\u00ab\u00a0En dix minutes, nous avons vu nos vies, nos souvenirs, partir en fum\u00e9e dans un brasier incontr\u00f4lable\u00a0\u00bb. Une&hellip;\n","protected":false},"author":2,"featured_media":15740,"comment_status":"","ping_status":"","sticky":false,"template":"","format":"standard","meta":{"footnotes":""},"categories":[2815],"tags":[1111,11,1777,674,652,1011,27,6578,811,1310,1307,12,5537,392,25,6577],"class_list":{"0":"post-15739","1":"post","2":"type-post","3":"status-publish","4":"format-standard","5":"has-post-thumbnail","7":"category-lille","8":"tag-actu","9":"tag-actualites","10":"tag-eu","11":"tag-europe","12":"tag-famille","13":"tag-fr","14":"tag-france","15":"tag-fumee","16":"tag-hauts-de-france","17":"tag-incendie","18":"tag-lille","19":"tag-news","20":"tag-partir","21":"tag-perdu","22":"tag-republique-francaise","23":"tag-vies"},"share_on_mastodon":{"url":"https:\/\/pubeurope.com\/@fr\/114315405799818689","error":""},"_links":{"self":[{"href":"https:\/\/www.europesays.com\/fr\/wp-json\/wp\/v2\/posts\/15739","targetHints":{"allow":["GET"]}}],"collection":[{"href":"https:\/\/www.europesays.com\/fr\/wp-json\/wp\/v2\/posts"}],"about":[{"href":"https:\/\/www.europesays.com\/fr\/wp-json\/wp\/v2\/types\/post"}],"author":[{"embeddable":true,"href":"https:\/\/www.europesays.com\/fr\/wp-json\/wp\/v2\/users\/2"}],"replies":[{"embeddable":true,"href":"https:\/\/www.europesays.com\/fr\/wp-json\/wp\/v2\/comments?post=15739"}],"version-history":[{"count":0,"href":"https:\/\/www.europesays.com\/fr\/wp-json\/wp\/v2\/posts\/15739\/revisions"}],"wp:featuredmedia":[{"embeddable":true,"href":"https:\/\/www.europesays.com\/fr\/wp-json\/wp\/v2\/media\/15740"}],"wp:attachment":[{"href":"https:\/\/www.europesays.com\/fr\/wp-json\/wp\/v2\/media?parent=15739"}],"wp:term":[{"taxonomy":"category","embeddable":true,"href":"https:\/\/www.europesays.com\/fr\/wp-json\/wp\/v2\/categories?post=15739"},{"taxonomy":"post_tag","embeddable":true,"href":"https:\/\/www.europesays.com\/fr\/wp-json\/wp\/v2\/tags?post=15739"}],"curies":[{"name":"wp","href":"https:\/\/api.w.org\/{rel}","templated":true}]}}