{"id":157390,"date":"2025-06-06T20:44:11","date_gmt":"2025-06-06T20:44:11","guid":{"rendered":"https:\/\/www.europesays.com\/fr\/157390\/"},"modified":"2025-06-06T20:44:11","modified_gmt":"2025-06-06T20:44:11","slug":"mauvaise-surprise-les-investissements-climat-dans-lue-marquent-le-pas","status":"publish","type":"post","link":"https:\/\/www.europesays.com\/fr\/157390\/","title":{"rendered":"Mauvaise surprise, les investissements climat dans l&rsquo;UE marquent le pas"},"content":{"rendered":"<p>C&rsquo;est l&rsquo;un des nerfs de la guerre de la transition \u00e9cologique et il ne se porte pas si bien. Le volume d&rsquo;investissement financier climat dans l&rsquo;Union europ\u00e9enne est en quasi-stagnation, apr\u00e8s plusieurs ann\u00e9es de croissance dynamique. C&rsquo;est le constat dress\u00e9 par l&rsquo;Institut de l&rsquo;\u00e9conomie pour le climat (I4CE), dans <a href=\"https:\/\/www.i4ce.org\/wp-content\/uploads\/2025\/06\/The-State-of-Europes-Climate-Investment-2025-edition_V2.pdf\" target=\"_blank\" rel=\"noopener\">une \u00e9tude<\/a> publi\u00e9e cette semaine.<\/p>\n<p>L&rsquo;enveloppe globale est ainsi pass\u00e9e de 491 milliards d&rsquo;euros en 2022 \u00e0 498 milliards en 2023, soit une hausse de \u00ab seulement \u00bb 1,4\u00a0%, alerte le think tank. Entre 2021 et 2023, la hausse avait \u00e9t\u00e9 beaucoup plus cons\u00e9quente, l&rsquo;enveloppe passant de 439 \u00e0 491 milliards d&rsquo;euros, soit une hausse de 11,8\u00a0% (+52 milliards d&rsquo;euros). Et de 2020 \u00e0 2021, le bond fut encore plus impressionnant : +86 milliards d&rsquo;euros.<\/p>\n<p>Cette mauvaise tendance ne devrait pas s&rsquo;arranger, selon l&rsquo;institut de recherche, qui pr\u00e9voit m\u00eame des baisses significatives dans des secteurs cl\u00e9s de la transition \u00e9cologique comme l&rsquo;\u00e9olien, la r\u00e9novation \u00e9nerg\u00e9tique des b\u00e2timents et les voitures \u00e9lectriques.<\/p>\n<p>Ce rapport vient contrebalancer <a href=\"https:\/\/www.latribune.fr\/climat\/l-ue-sur-la-bonne-voie-pour-tenir-ses-objectifs-climat-pour-2030-1026068.html\" target=\"_blank\" rel=\"noopener\">les \u00ab\u202fbonnes nouvelles\u202f\u00bb<\/a> mises en avant r\u00e9cemment par la Commission europ\u00e9enne, qui consid\u00e8re que l&rsquo;Europe est en passe d&rsquo;atteindre ses objectifs de r\u00e9duction des \u00e9missions de gaz \u00e0 effet de serre en 2030. Bruxelles a bas\u00e9 ses calculs sur les plans \u00e9nergie climat des \u00c9tats membres, consid\u00e9r\u00e9s comme des investissements, mais qui ne prennent en compte tous les secteurs n\u00e9cessaires \u00e0 la transition climatique.<\/p>\n<p>Mais s&rsquo;il est \u00ab\u202ffacile de se fixer des objectifs, il est beaucoup plus difficile de les mettre en \u0153uvre politiquement\u202f\u00bb, juge aupr\u00e8s de l&rsquo;AFP, l&rsquo;\u00e9conomiste Jean Pisani-Ferry, qui pr\u00e9side l&rsquo;I4CE.<\/p>\n","protected":false},"excerpt":{"rendered":"C&rsquo;est l&rsquo;un des nerfs de la guerre de la transition \u00e9cologique et il ne se porte pas si&hellip;\n","protected":false},"author":2,"featured_media":157391,"comment_status":"","ping_status":"","sticky":false,"template":"","format":"standard","meta":{"footnotes":""},"categories":[1586],"tags":[17,11,1129,1446,1777,674,1779,1011,27,2554,1861,151,13158,12,25,10540,1778,364],"class_list":{"0":"post-157390","1":"post","2":"type-post","3":"status-publish","4":"format-standard","5":"has-post-thumbnail","7":"category-europe","8":"tag-17","9":"tag-actualites","10":"tag-climat","11":"tag-dans","12":"tag-eu","13":"tag-europe","14":"tag-european-union","15":"tag-fr","16":"tag-france","17":"tag-investissements","18":"tag-lue","19":"tag-les","20":"tag-mauvaise","21":"tag-news","22":"tag-republique-francaise","23":"tag-surprise","24":"tag-ue","25":"tag-union-europeenne"},"share_on_mastodon":{"url":"https:\/\/pubeurope.com\/@fr\/114638373770947184","error":""},"_links":{"self":[{"href":"https:\/\/www.europesays.com\/fr\/wp-json\/wp\/v2\/posts\/157390","targetHints":{"allow":["GET"]}}],"collection":[{"href":"https:\/\/www.europesays.com\/fr\/wp-json\/wp\/v2\/posts"}],"about":[{"href":"https:\/\/www.europesays.com\/fr\/wp-json\/wp\/v2\/types\/post"}],"author":[{"embeddable":true,"href":"https:\/\/www.europesays.com\/fr\/wp-json\/wp\/v2\/users\/2"}],"replies":[{"embeddable":true,"href":"https:\/\/www.europesays.com\/fr\/wp-json\/wp\/v2\/comments?post=157390"}],"version-history":[{"count":0,"href":"https:\/\/www.europesays.com\/fr\/wp-json\/wp\/v2\/posts\/157390\/revisions"}],"wp:featuredmedia":[{"embeddable":true,"href":"https:\/\/www.europesays.com\/fr\/wp-json\/wp\/v2\/media\/157391"}],"wp:attachment":[{"href":"https:\/\/www.europesays.com\/fr\/wp-json\/wp\/v2\/media?parent=157390"}],"wp:term":[{"taxonomy":"category","embeddable":true,"href":"https:\/\/www.europesays.com\/fr\/wp-json\/wp\/v2\/categories?post=157390"},{"taxonomy":"post_tag","embeddable":true,"href":"https:\/\/www.europesays.com\/fr\/wp-json\/wp\/v2\/tags?post=157390"}],"curies":[{"name":"wp","href":"https:\/\/api.w.org\/{rel}","templated":true}]}}