{"id":157395,"date":"2025-06-06T20:47:09","date_gmt":"2025-06-06T20:47:09","guid":{"rendered":"https:\/\/www.europesays.com\/fr\/157395\/"},"modified":"2025-06-06T20:47:09","modified_gmt":"2025-06-06T20:47:09","slug":"la-france-ne-vend-pas-darmes-a-israel-reaffirme-le-ministre-des-armees","status":"publish","type":"post","link":"https:\/\/www.europesays.com\/fr\/157395\/","title":{"rendered":"La France ne vend pas d\u2019armes \u00e0 Isra\u00ebl, r\u00e9affirme le ministre des Arm\u00e9es"},"content":{"rendered":"<p class=\"paragraph text_align_left\">L\u2019affaire semble embarrasser l\u2019ex\u00e9cutif. La France a une position \u00ab claire \u00bb qui est de ne pas vendre d\u2019armes \u00e0 Isra\u00ebl, a r\u00e9affirm\u00e9 vendredi soir le ministre des Arm\u00e9es S\u00e9bastien Lecornu, apr\u00e8s <a href=\"https:\/\/www.leparisien.fr\/economie\/le-port-de-fos-ne-doit-pas-servir-a-expedier-des-armes-les-dockers-marseillais-bloquent-des-conteneurs-vers-israel-05-06-2025-UKWRXA7TMBEQHGVDCSZMFJYUZY.php\" target=\"_blank\" rel=\"noreferrer nofollow noopener\">le refus de dockers du port de Marseille<\/a> (sud-est) de charger sur un navire \u00e0 destination d\u2019Ha\u00effa un conteneur rempli de composants militaires.<\/p>\n<p class=\"paragraph text_align_left\">Mercredi et jeudi, les dockers de Marseille-Fos ont refus\u00e9 de charger \u00e0 bord d\u2019un navire dont la destination finale est Ha\u00effa en Isra\u00ebl, des conteneurs avec des pi\u00e8ces pour fusils-mitrailleurs fabriqu\u00e9es par l\u2019entreprise marseillaise Eurolinks, afin de ne pas \u00ab participer au g\u00e9nocide en cours orchestr\u00e9 par le gouvernement isra\u00e9lien \u00bb.<\/p>\n<p class=\"paragraph text_align_left\">Le navire a quitt\u00e9 le port vendredi sans les conteneurs litigieux, a indiqu\u00e9 un op\u00e9rateur portuaire.<\/p>\n<p class=\"paragraph text_align_left\">\u00ab La position de la France est on ne peut plus claire. Il n\u2019y a pas d\u2019armes vendues \u00e0 Isra\u00ebl. Et pour cause, Isra\u00ebl est un des principaux concurrents des industries fran\u00e7aises \u00bb, a affirm\u00e9 S\u00e9bastien Lecornu sur la cha\u00eene de t\u00e9l\u00e9vision LCI.<\/p>\n<p class=\"paragraph text_align_left\">Seuls des \u00ab composants \u00bb destin\u00e9s au \u00ab D\u00f4me de fer \u00bb, l\u2019un des syst\u00e8mes de d\u00e9fense isra\u00e9lien qui prot\u00e8ge le pays des attaques de missiles, roquettes et drones, ou des \u00ab \u00e9l\u00e9ments pour la r\u00e9exportation \u00bb sont vendus \u00e0 Isra\u00ebl, a-t-il ajout\u00e9.<\/p>\n<p class=\"paragraph text_align_left\">Dans ce dernier cas, \u00ab certaines choses partent en Isra\u00ebl, font l\u2019objet d\u2019une intervention industrielle et sont souvent r\u00e9export\u00e9es. Parfois m\u00eame, d\u2019ailleurs, en France. Et tout cela fait l\u2019objet d\u2019un contr\u00f4le \u00bb, a assur\u00e9 le ministre.<\/p>\n<p>M\u00eame discours du c\u00f4t\u00e9 du Quai d\u2019Orsay<\/p>\n<p class=\"paragraph text_align_left\">\u00ab Nous ne livrons pas de mat\u00e9riel militaire <a href=\"https:\/\/www.leparisien.fr\/international\/israel\/gaza-larmee-israelienne-lance-un-appel-pour-evacuer-les-habitants-avant-une-nouvelle-attaque-06-06-2025-JUD6FNGUF5CEFMZLR4J3D26X6Q.php\" target=\"_blank\" rel=\"noreferrer nofollow noopener\">utilis\u00e9 \u00e0 Gaza<\/a> \u00bb, a \u00e9galement affirm\u00e9 vendredi matin le chef de la diplomatie fran\u00e7aise Jean-No\u00ebl Barrot sur la radio RTL, avant de citer \u00ab deux exceptions \u00bb.<\/p>\n<p class=\"paragraph text_align_left\">\u00ab Ce sont les composantes qui permettent \u00e0 Isra\u00ebl de se d\u00e9fendre, notamment avec le D\u00f4me de fer \u00bb et \u00ab il y a du mat\u00e9riel qui peut \u00eatre assembl\u00e9 en Isra\u00ebl, mais qui a vocation \u00e0 \u00eatre r\u00e9export\u00e9 \u00bb, a-t-il ajout\u00e9.<\/p>\n<p class=\"paragraph text_align_left\">Toutefois, si le mat\u00e9riel militaire d\u2019Eurolinks \u00e9tait utilis\u00e9 \u00e0 Gaza \u00ab l\u2019entreprise qui l\u2019exporte se placerait en contravention vis-\u00e0-vis du droit \u00bb, a-t-il dit.<\/p>\n<p class=\"paragraph text_align_left\">Apr\u00e8s <a href=\"https:\/\/www.leparisien.fr\/international\/israel\/7-octobre-larmee-israelienne-publie-le-bilan-des-victimes-du-massacre-du-festival-nova-03-04-2025-XISMFXPI3RCQLEP4MGUYWCKGLE.php\" target=\"_blank\" rel=\"noreferrer nofollow noopener\">l\u2019attaque contre Isra\u00ebl<\/a> men\u00e9e par le mouvement islamiste arm\u00e9 du Hamas le 7 octobre 2023, qui a fait 1 218 morts c\u00f4t\u00e9 isra\u00e9lien, en majorit\u00e9 des civils, selon un d\u00e9compte de l\u2019AFP bas\u00e9 sur des donn\u00e9es officielles, l\u2019arm\u00e9e isra\u00e9lienne a men\u00e9 en repr\u00e9sailles <a href=\"https:\/\/www.leparisien.fr\/international\/israel\/gaza-la-defense-civile-denonce-au-moins-15-morts-sur-la-route-dun-site-de-distribution-alimentaire-israel-reconnait-des-tirs-03-06-2025-TN5LRIEFZFGZ5N5WEGZG3YU75A.php\" target=\"_blank\" rel=\"noreferrer nofollow noopener\">une offensive \u00e0 Gaza<\/a>. Celle-ci a tu\u00e9 plus de 54 600 Palestiniens, en majorit\u00e9 des civils, selon les derni\u00e8res donn\u00e9es du minist\u00e8re de la Sant\u00e9 du Hamas, jug\u00e9es fiables par l\u2019ONU.<\/p>\n","protected":false},"excerpt":{"rendered":"L\u2019affaire semble embarrasser l\u2019ex\u00e9cutif. La France a une position \u00ab claire \u00bb qui est de ne pas vendre&hellip;\n","protected":false},"author":2,"featured_media":157396,"comment_status":"","ping_status":"","sticky":false,"template":"","format":"standard","meta":{"footnotes":""},"categories":[4],"tags":[11,1011,27,14,664,12,25],"class_list":{"0":"post-157395","1":"post","2":"type-post","3":"status-publish","4":"format-standard","5":"has-post-thumbnail","7":"category-france","8":"tag-actualites","9":"tag-fr","10":"tag-france","11":"tag-international","12":"tag-israel","13":"tag-news","14":"tag-republique-francaise"},"share_on_mastodon":{"url":"https:\/\/pubeurope.com\/@fr\/114638385539579130","error":""},"_links":{"self":[{"href":"https:\/\/www.europesays.com\/fr\/wp-json\/wp\/v2\/posts\/157395","targetHints":{"allow":["GET"]}}],"collection":[{"href":"https:\/\/www.europesays.com\/fr\/wp-json\/wp\/v2\/posts"}],"about":[{"href":"https:\/\/www.europesays.com\/fr\/wp-json\/wp\/v2\/types\/post"}],"author":[{"embeddable":true,"href":"https:\/\/www.europesays.com\/fr\/wp-json\/wp\/v2\/users\/2"}],"replies":[{"embeddable":true,"href":"https:\/\/www.europesays.com\/fr\/wp-json\/wp\/v2\/comments?post=157395"}],"version-history":[{"count":0,"href":"https:\/\/www.europesays.com\/fr\/wp-json\/wp\/v2\/posts\/157395\/revisions"}],"wp:featuredmedia":[{"embeddable":true,"href":"https:\/\/www.europesays.com\/fr\/wp-json\/wp\/v2\/media\/157396"}],"wp:attachment":[{"href":"https:\/\/www.europesays.com\/fr\/wp-json\/wp\/v2\/media?parent=157395"}],"wp:term":[{"taxonomy":"category","embeddable":true,"href":"https:\/\/www.europesays.com\/fr\/wp-json\/wp\/v2\/categories?post=157395"},{"taxonomy":"post_tag","embeddable":true,"href":"https:\/\/www.europesays.com\/fr\/wp-json\/wp\/v2\/tags?post=157395"}],"curies":[{"name":"wp","href":"https:\/\/api.w.org\/{rel}","templated":true}]}}