{"id":157399,"date":"2025-06-06T20:49:11","date_gmt":"2025-06-06T20:49:11","guid":{"rendered":"https:\/\/www.europesays.com\/fr\/157399\/"},"modified":"2025-06-06T20:49:11","modified_gmt":"2025-06-06T20:49:11","slug":"pourquoi-dusan-nikolic-revient-a-lalterna-stade-poitevin","status":"publish","type":"post","link":"https:\/\/www.europesays.com\/fr\/157399\/","title":{"rendered":"pourquoi Dusan Nikolic revient \u00e0 l\u2019Alterna Stade Poitevin"},"content":{"rendered":"<p>Ce n\u2019\u00e9tait plus un secret depuis d\u00e9j\u00e0 quelques semaines. Cela n\u2019a pas emp\u00each\u00e9 l\u2019Alterna Stade Poitevin d\u2019officialiser la nouvelle, en bonne et due forme, ce vendredi 6\u00a0juin 2025\u00a0: Dusan Nikolic portera bien de nouveau le maillot noir et blanc la saison prochaine.\u00a0Celui qu\u2019il avait enfil\u00e9 officiellement, pour la premi\u00e8re fois, le 28\u00a0septembre dernier face \u00e0 Narbonne, avec 29 points \u00e0 la cl\u00e9, avant de l\u2019enlever apr\u00e8s une master class r\u00e9alis\u00e9e un peu moins de deux mois plus tard, au Palais des victoires de Cannes (19 attaques gagnantes \u00e0 61\u00a0% d\u2019efficacit\u00e9, 1 ace, 1 block), pour rejoindre le club sud-cor\u00e9en de\u00a0Seoul Woori Card WooriWON&#8230;. <\/p>\n<p>    Cet article a \u00e9t\u00e9 tronqu\u00e9. Abonnez-vous pour lire l&rsquo;article complet sur notre site.<\/p>\n<p style=\"margin: 0 !important; padding: 0 !important; font-size: 12px !important;\">Cet article a \u00e9t\u00e9 tronqu\u00e9. Abonnez-vous pour lire l&rsquo;article complet.<\/p>\n<p>    <a href=\"https:\/\/www.lanouvellerepublique.fr\/abonnements\" style=\"display: inline-block; margin-top: 5px !important; padding: 6px 12px !important; background: #cb1c27; color: white; text-decoration: none; border-radius: 4px; font-size: 12px !important;\" target=\"_blank\" rel=\"noopener\"><br \/>\n      S&rsquo;abonner<br \/>\n    <\/a><\/p>\n","protected":false},"excerpt":{"rendered":"Ce n\u2019\u00e9tait plus un secret depuis d\u00e9j\u00e0 quelques semaines. Cela n\u2019a pas emp\u00each\u00e9 l\u2019Alterna Stade Poitevin d\u2019officialiser la&hellip;\n","protected":false},"author":2,"featured_media":157400,"comment_status":"","ping_status":"","sticky":false,"template":"","format":"standard","meta":{"footnotes":""},"categories":[1417],"tags":[1392,1654,1011,27,1655,1653,60,1584,1470,1469],"class_list":{"0":"post-157399","1":"post","2":"type-post","3":"status-publish","4":"format-standard","5":"has-post-thumbnail","7":"category-volley","8":"tag-a-la-une-local","9":"tag-alterna-stade-poitevin-volley-ball","10":"tag-fr","11":"tag-france","12":"tag-ligue-a","13":"tag-poitiers","14":"tag-sports","15":"tag-vienne","16":"tag-volley","17":"tag-volleyball"},"share_on_mastodon":{"url":"https:\/\/pubeurope.com\/@fr\/114638393401903305","error":""},"_links":{"self":[{"href":"https:\/\/www.europesays.com\/fr\/wp-json\/wp\/v2\/posts\/157399","targetHints":{"allow":["GET"]}}],"collection":[{"href":"https:\/\/www.europesays.com\/fr\/wp-json\/wp\/v2\/posts"}],"about":[{"href":"https:\/\/www.europesays.com\/fr\/wp-json\/wp\/v2\/types\/post"}],"author":[{"embeddable":true,"href":"https:\/\/www.europesays.com\/fr\/wp-json\/wp\/v2\/users\/2"}],"replies":[{"embeddable":true,"href":"https:\/\/www.europesays.com\/fr\/wp-json\/wp\/v2\/comments?post=157399"}],"version-history":[{"count":0,"href":"https:\/\/www.europesays.com\/fr\/wp-json\/wp\/v2\/posts\/157399\/revisions"}],"wp:featuredmedia":[{"embeddable":true,"href":"https:\/\/www.europesays.com\/fr\/wp-json\/wp\/v2\/media\/157400"}],"wp:attachment":[{"href":"https:\/\/www.europesays.com\/fr\/wp-json\/wp\/v2\/media?parent=157399"}],"wp:term":[{"taxonomy":"category","embeddable":true,"href":"https:\/\/www.europesays.com\/fr\/wp-json\/wp\/v2\/categories?post=157399"},{"taxonomy":"post_tag","embeddable":true,"href":"https:\/\/www.europesays.com\/fr\/wp-json\/wp\/v2\/tags?post=157399"}],"curies":[{"name":"wp","href":"https:\/\/api.w.org\/{rel}","templated":true}]}}