{"id":157407,"date":"2025-06-06T20:54:14","date_gmt":"2025-06-06T20:54:14","guid":{"rendered":"https:\/\/www.europesays.com\/fr\/157407\/"},"modified":"2025-06-06T20:54:14","modified_gmt":"2025-06-06T20:54:14","slug":"deuxieme-meilleur-5-000-m-de-lhistoire-pour-beatrice-chebet","status":"publish","type":"post","link":"https:\/\/www.europesays.com\/fr\/157407\/","title":{"rendered":"deuxi\u00e8me meilleur 5.000 m de l\u2019histoire pour Beatrice Chebet"},"content":{"rendered":"<p>La K\u00e9nyane a couvert la distance en 14 min 03 sec 69\/100e ce vendredi, \u00e0 Rome, \u00e0 un peu plus de trois secondes du record du monde (14:00.21) \u00e9tabli par Gudaf Tsegay.<\/p>\n<p class=\"fig-paragraph\">La K\u00e9nyane Beatrice Chebet a sign\u00e9 le deuxi\u00e8me meilleur chrono de l&rsquo;histoire sur 5.000 m en 14 min 03 sec 69\/100e vendredi lors du meeting de Rome, comptant pour la Ligue de diamant. Chebet a \u00e9chou\u00e9 \u00e0 un peu plus de trois secondes du record du monde (14:00.21) \u00e9tabli par l&rsquo;\u00c9thiopienne Gudaf Tsegay le 17 septembre 2023 \u00e0 Eugene (Etats-Unis). L\u00e2ch\u00e9e par Chebet \u00e0 quatre tours de l&rsquo;arriv\u00e9e, Tsegay a termin\u00e9 \u00e0 la 3e place (14:24.86).<\/p>\n<p class=\"fig-paragraph\">Chebet, 25 ans, d\u00e9tient le record du monde du 10.000 m et a r\u00e9alis\u00e9 l&rsquo;\u00e9t\u00e9 dernier le doubl\u00e9 5.000\/10.000 m lors des JO 2024 de Paris. Dans trois mois \u00e0 Tokyo (13-21 septembre), elle tentera de d\u00e9crocher son premier titre mondial sur sa distance de pr\u00e9dilection: elle avait termin\u00e9 2e des Mondiaux-2022, puis 3e un an plus tard \u00e0 Budapest.<\/p>\n","protected":false},"excerpt":{"rendered":"La K\u00e9nyane a couvert la distance en 14 min 03 sec 69\/100e ce vendredi, \u00e0 Rome, \u00e0 un&hellip;\n","protected":false},"author":2,"featured_media":157408,"comment_status":"","ping_status":"","sticky":false,"template":"","format":"standard","meta":{"footnotes":""},"categories":[1412],"tags":[8238,4132,8239,525,2212,1451,1452,1453,1454,1455,1011,27,3996,8241,8240,3918,1980,60],"class_list":{"0":"post-157407","1":"post","2":"type-post","3":"status-publish","4":"format-standard","5":"has-post-thumbnail","7":"category-f1","8":"tag-athle","9":"tag-athletisme","10":"tag-bolt","11":"tag-calendrier","12":"tag-championnat-du-monde","13":"tag-f1","14":"tag-formula-1","15":"tag-formula1","16":"tag-formule-1","17":"tag-formule1","18":"tag-fr","19":"tag-france","20":"tag-jeux-olympiques","21":"tag-lavillenie","22":"tag-lemaitre","23":"tag-meeting","24":"tag-resultats","25":"tag-sports"},"share_on_mastodon":{"url":"https:\/\/pubeurope.com\/@fr\/114638413117290909","error":""},"_links":{"self":[{"href":"https:\/\/www.europesays.com\/fr\/wp-json\/wp\/v2\/posts\/157407","targetHints":{"allow":["GET"]}}],"collection":[{"href":"https:\/\/www.europesays.com\/fr\/wp-json\/wp\/v2\/posts"}],"about":[{"href":"https:\/\/www.europesays.com\/fr\/wp-json\/wp\/v2\/types\/post"}],"author":[{"embeddable":true,"href":"https:\/\/www.europesays.com\/fr\/wp-json\/wp\/v2\/users\/2"}],"replies":[{"embeddable":true,"href":"https:\/\/www.europesays.com\/fr\/wp-json\/wp\/v2\/comments?post=157407"}],"version-history":[{"count":0,"href":"https:\/\/www.europesays.com\/fr\/wp-json\/wp\/v2\/posts\/157407\/revisions"}],"wp:featuredmedia":[{"embeddable":true,"href":"https:\/\/www.europesays.com\/fr\/wp-json\/wp\/v2\/media\/157408"}],"wp:attachment":[{"href":"https:\/\/www.europesays.com\/fr\/wp-json\/wp\/v2\/media?parent=157407"}],"wp:term":[{"taxonomy":"category","embeddable":true,"href":"https:\/\/www.europesays.com\/fr\/wp-json\/wp\/v2\/categories?post=157407"},{"taxonomy":"post_tag","embeddable":true,"href":"https:\/\/www.europesays.com\/fr\/wp-json\/wp\/v2\/tags?post=157407"}],"curies":[{"name":"wp","href":"https:\/\/api.w.org\/{rel}","templated":true}]}}