{"id":157421,"date":"2025-06-06T21:01:09","date_gmt":"2025-06-06T21:01:09","guid":{"rendered":"https:\/\/www.europesays.com\/fr\/157421\/"},"modified":"2025-06-06T21:01:09","modified_gmt":"2025-06-06T21:01:09","slug":"lartiste-devoile-sapphire-son-nouveau-morceau","status":"publish","type":"post","link":"https:\/\/www.europesays.com\/fr\/157421\/","title":{"rendered":"l&rsquo;artiste d\u00e9voile Sapphire, son nouveau morceau"},"content":{"rendered":"<p>La temp\u00e9rature redescend un peu. Ambiance plus calme avec le morceau Lego House, suivi de Dive.<\/p>\n<p>Guitare en bandouli\u00e8re, <a href=\"https:\/\/www.laprovence.com\/article\/culture-loisirs\/21447558141237\/depuis-le-temps-que-l-on-attend-ed-sheeran-a-marseille-on-a-rencontre-ses-fans-avant-son-concert-au-velodrome\" target=\"_blank\" rel=\"noopener\">Ed Sheeran<\/a> demande au public de chanter avec lui en levant r\u00e9guli\u00e8rement les bras au ciel, micro \u00e0 la main. Il est temps d&rsquo;\u00e9couter un nouveau morceau Sapphire qui est sorti sur les plateformes dans la nuit de jeudi \u00e0 vendredi.<\/p>\n<p>C&rsquo;est un m\u00e9lange entre pop britannique et des sonorit\u00e9s indiennes. Il enchaine avec des morceaux plus rock de quatri\u00e8me album No.6 Collaborations Project.\u00a0<\/p>\n<p><a href=\"https:\/\/www.laprovence.com\/article\/culture-loisirs\/20826751746287\/ed-sheeran-une-symphonie-de-pop-folk-et-poesie-attendue-a-lorange-velodrome\" target=\"_blank\" rel=\"noopener\">L&rsquo;artiste sera \u00e9galement dans l&rsquo;enceinte<\/a> du boulevard Michelet \u00e9galement ce samedi.<\/p>\n","protected":false},"excerpt":{"rendered":"La temp\u00e9rature redescend un peu. Ambiance plus calme avec le morceau Lego House, suivi de Dive. Guitare en&hellip;\n","protected":false},"author":2,"featured_media":157422,"comment_status":"","ping_status":"","sticky":false,"template":"","format":"standard","meta":{"footnotes":""},"categories":[1355],"tags":[17,251,851,58,59,1011,27,12420,1361,873,4565,28841,22248,3711,957],"class_list":{"0":"post-157421","1":"post","2":"type-post","3":"status-publish","4":"format-standard","5":"has-post-thumbnail","7":"category-musique","8":"tag-17","9":"tag-culture","10":"tag-devoile","11":"tag-divertissement","12":"tag-entertainment","13":"tag-fr","14":"tag-france","15":"tag-lartiste","16":"tag-music","17":"tag-musique","18":"tag-nouveau","19":"tag-sapphire","20":"tag-sheeran","21":"tag-son","22":"tag-velodrome"},"share_on_mastodon":{"url":"https:\/\/pubeurope.com\/@fr\/114638440735901397","error":""},"_links":{"self":[{"href":"https:\/\/www.europesays.com\/fr\/wp-json\/wp\/v2\/posts\/157421","targetHints":{"allow":["GET"]}}],"collection":[{"href":"https:\/\/www.europesays.com\/fr\/wp-json\/wp\/v2\/posts"}],"about":[{"href":"https:\/\/www.europesays.com\/fr\/wp-json\/wp\/v2\/types\/post"}],"author":[{"embeddable":true,"href":"https:\/\/www.europesays.com\/fr\/wp-json\/wp\/v2\/users\/2"}],"replies":[{"embeddable":true,"href":"https:\/\/www.europesays.com\/fr\/wp-json\/wp\/v2\/comments?post=157421"}],"version-history":[{"count":0,"href":"https:\/\/www.europesays.com\/fr\/wp-json\/wp\/v2\/posts\/157421\/revisions"}],"wp:featuredmedia":[{"embeddable":true,"href":"https:\/\/www.europesays.com\/fr\/wp-json\/wp\/v2\/media\/157422"}],"wp:attachment":[{"href":"https:\/\/www.europesays.com\/fr\/wp-json\/wp\/v2\/media?parent=157421"}],"wp:term":[{"taxonomy":"category","embeddable":true,"href":"https:\/\/www.europesays.com\/fr\/wp-json\/wp\/v2\/categories?post=157421"},{"taxonomy":"post_tag","embeddable":true,"href":"https:\/\/www.europesays.com\/fr\/wp-json\/wp\/v2\/tags?post=157421"}],"curies":[{"name":"wp","href":"https:\/\/api.w.org\/{rel}","templated":true}]}}