{"id":157431,"date":"2025-06-06T21:06:12","date_gmt":"2025-06-06T21:06:12","guid":{"rendered":"https:\/\/www.europesays.com\/fr\/157431\/"},"modified":"2025-06-06T21:06:12","modified_gmt":"2025-06-06T21:06:12","slug":"cette-decouverte-du-telescope-james-webb-sur-une-planete-infernale-intrigue-les-astronomes-du-monde-entier","status":"publish","type":"post","link":"https:\/\/www.europesays.com\/fr\/157431\/","title":{"rendered":"Cette d\u00e9couverte du t\u00e9lescope James Webb sur une plan\u00e8te infernale intrigue les astronomes du monde entier"},"content":{"rendered":"<p><strong>D\u00e9couvre comment une mol\u00e9cule jamais observ\u00e9e dans une atmosph\u00e8re plan\u00e9taire est apparue sur un monde br\u00fblant \u00e0 3 000\u00b0C, r\u00e9v\u00e9lant des secrets insoup\u00e7onn\u00e9s sur la formation des exoplan\u00e8tes.<\/strong><\/p>\n<p><img fetchpriority=\"high\" decoding=\"async\" width=\"1024\" height=\"576\" src=\"https:\/\/www.europesays.com\/fr\/wp-content\/uploads\/2025\/06\/decouverte-planete-infernale-intrigue-astronomes-monde-entier-1024x576.webp.webp\" alt=\"Une mol\u00e9cule jamais vue sur une plan\u00e8te d\u00e9tect\u00e9e \u00e0 880 ann\u00e9es-lumi\u00e8re&#10;&#10;\" class=\"wp-image-977760\"  \/>Les nouvelles d\u00e9couvertes sugg\u00e8rent que WASP-121b a \u00e9merg\u00e9 plus loin de son \u00e9toile m\u00e8re avant de se rapprocher du centre de son syst\u00e8me plan\u00e9taire. (Cr\u00e9dit photo : T. M\u00fcller (MPIA\/HdA \u2013 CC BY-SA))<\/p>\n<p>Cette mol\u00e9cule in\u00e9dite identifi\u00e9e dans les nuages d\u2019une plan\u00e8te \u00e0 880 ann\u00e9es-lumi\u00e8re<\/p>\n<p>Le <strong><a href=\"https:\/\/dailygeekshow.com\/james-webb-nouveau-trou-noir\/\" target=\"_blank\" rel=\"noopener\">t\u00e9lescope spatial James Webb<\/a><\/strong> a r\u00e9alis\u00e9 une perc\u00e9e majeure. Pour la premi\u00e8re fois, il a d\u00e9tect\u00e9 du <strong>monoxyde de silicium (SiO)<\/strong> dans l\u2019atmosph\u00e8re d\u2019une exoplan\u00e8te. Cette mol\u00e9cule, pourtant pr\u00e9sente dans certaines \u00e9toiles, n\u2019\u00e9tait jamais apparue dans une atmosph\u00e8re plan\u00e9taire. Les astronomes l\u2019ont rep\u00e9r\u00e9e sur <strong>WASP-121b<\/strong>, une exoplan\u00e8te g\u00e9ante surnomm\u00e9e \u00ab la plan\u00e8te de l\u2019enfer \u00bb.<\/p>\n<p>Lire aussi <a href=\"https:\/\/dailygeekshow.com\/exoplanete-james-webb\/\" target=\"_blank\" rel=\"noopener\">Le t\u00e9lescope James-Webb d\u00e9voile les origines de cette exoplan\u00e8te infernale<\/a><\/p>\n<p>Les chercheurs pensent que ce SiO provient d\u2019<strong>ast\u00e9ro\u00efdes riches en silicates<\/strong>. La <strong>chaleur \u00e9crasante<\/strong> de la plan\u00e8te les aurait d\u00e9sint\u00e9gr\u00e9s. Sur WASP-121b, la <strong>temp\u00e9rature atteint 3 000 \u00b0C<\/strong> sur la face expos\u00e9e \u00e0 son \u00e9toile. Ce climat permet au monoxyde de silicium de rester \u00e0 l\u2019\u00e9tat gazeux, ce qui serait impossible ailleurs.<\/p>\n<p>Ce monde br\u00fblant qui d\u00e9fie toutes nos connaissances plan\u00e9taires<\/p>\n<p><strong>WASP-121b<\/strong> ne ressemble \u00e0 aucune autre plan\u00e8te connue. Situ\u00e9e \u00e0 environ 880 ann\u00e9es-lumi\u00e8re, elle est <strong>1,2 fois plus massive que <a href=\"https:\/\/dailygeekshow.com\/jupiter-plus-grosse\/\" target=\"_blank\" rel=\"noopener\">Jupiter<\/a><\/strong> et <strong>1,8 fois plus large<\/strong>. Elle orbite si pr\u00e8s de son \u00e9toile qu\u2019elle boucle un tour complet en <strong>30,5 heures<\/strong>. Cette proximit\u00e9 la rend <strong>tidally locked<\/strong> : un h\u00e9misph\u00e8re reste expos\u00e9 en permanence, l\u2019autre plong\u00e9 dans l\u2019ombre.<\/p>\n<p>Dans cette <strong>atmosph\u00e8re extr\u00eame<\/strong>, les scientifiques \u00e9voquent des <strong>pluies de fer fondu<\/strong> et des <strong>vents violents<\/strong> qui feraient p\u00e2lir Jupiter. De plus, ils observent des <strong>\u00e9carts thermiques vertigineux<\/strong> entre les deux faces. Ce climat infernal transforme WASP-121b en un <strong>laboratoire id\u00e9al<\/strong>. Il leur permet de tester les limites de la physique plan\u00e9taire.<\/p>\n<p>Lire aussi <a href=\"https:\/\/dailygeekshow.com\/etoile-etrange\/\" target=\"_blank\" rel=\"noopener\">Des astronomes d\u00e9couvrent une \u00e9trange \u00e9toile \u00e0 l\u2019int\u00e9rieur d\u2019une autre<\/a><\/p>\n<p><img loading=\"lazy\" decoding=\"async\" width=\"1024\" height=\"585\" src=\"https:\/\/www.europesays.com\/fr\/wp-content\/uploads\/2025\/06\/monde-brulant-defie-toutes-connaissances-planetaires-1024x585.webp.webp\" alt=\"Un monde br\u00fblant \u00e0 3 000\u00b0C bouleverse les th\u00e9ories sur les atmosph\u00e8res plan\u00e9taires.\" class=\"wp-image-977762\"  \/>Un monde br\u00fblant \u00e0 3 000\u00b0C bouleverse les th\u00e9ories sur les atmosph\u00e8res plan\u00e9taires (imagin\u00e9 par l\u2019IA)<\/p>\n<p>Ces indices chimiques qui r\u00e9v\u00e8lent l\u2019origine chaotique de la plan\u00e8te<\/p>\n<p>Gr\u00e2ce aux instruments du James Webb, les chercheurs ont mis en \u00e9vidence une <strong>composition chimique<\/strong> variable entre le jour et la nuit de la plan\u00e8te. Sur la face obscure, ils ont d\u00e9tect\u00e9 du <strong>m\u00e9thane<\/strong>. Ce gaz indique une <strong>dynamique atmosph\u00e9rique intense<\/strong>, o\u00f9 les <strong>gaz profonds<\/strong> remontent vers la haute atmosph\u00e8re.<\/p>\n<p>Ces observations sugg\u00e8rent que WASP-121b s\u2019est probablement form\u00e9e plus loin de son \u00e9toile. Ensuite, elle aurait <strong>migr\u00e9 dangereusement pr\u00e8s<\/strong>. Chaque <strong>mol\u00e9cule d\u00e9tect\u00e9e<\/strong> raconte un chapitre de cette odyss\u00e9e plan\u00e9taire.<\/p>\n<p>Cette prouesse technologique qui transforme notre regard sur les mondes lointains<\/p>\n<p>Le t\u00e9lescope James Webb, avec sa <strong>pr\u00e9cision spectroscopique in\u00e9gal\u00e9e<\/strong>, inaugure une <strong>nouvelle \u00e8re d\u2019exploration<\/strong>. Il permet aux scientifiques d\u2019identifier le SiO, mais aussi <strong><a href=\"https:\/\/dailygeekshow.com\/james-webb-nouveau-trou-noir\/\" target=\"_blank\" rel=\"noopener\">l\u2019eau<\/a><\/strong>, le <strong>m\u00e9thane<\/strong> et le <strong>monoxyde de carbone<\/strong>. Gr\u00e2ce \u00e0 ces donn\u00e9es, ils cartographient la chimie de ces <strong>mondes extr\u00eames<\/strong>.<\/p>\n<p>Lire aussi <a href=\"https:\/\/dailygeekshow.com\/james-webb-lune-jupiter\/\" target=\"_blank\" rel=\"noopener\">Le t\u00e9lescope James-Webb d\u00e9tecte des changements \u00e0 la surface d\u2019Europe, lune de Jupiter<\/a><\/p>\n<p>Mieux encore : il ouvre la voie \u00e0 l\u2019\u00e9tude d\u2019exoplan\u00e8tes plus petites, <strong>potentiellement habitables<\/strong>. Ainsi, chaque nouvelle d\u00e9tection ajoute une <strong>pi\u00e8ce au puzzle de l\u2019univers<\/strong>. Et une question se fait plus insistante : <strong>sommes-nous vraiment seuls ?<\/strong><\/p>\n","protected":false},"excerpt":{"rendered":"D\u00e9couvre comment une mol\u00e9cule jamais observ\u00e9e dans une atmosph\u00e8re plan\u00e9taire est apparue sur un monde br\u00fblant \u00e0 3&hellip;\n","protected":false},"author":2,"featured_media":157432,"comment_status":"","ping_status":"","sticky":false,"template":"","format":"standard","meta":{"footnotes":""},"categories":[7],"tags":[1011,27,23827,43,40,41,39,42,44],"class_list":{"0":"post-157431","1":"post","2":"type-post","3":"status-publish","4":"format-standard","5":"has-post-thumbnail","7":"category-sciences-et-technologies","8":"tag-fr","9":"tag-france","10":"tag-james-webb","11":"tag-science","12":"tag-science-and-technology","13":"tag-sciences","14":"tag-sciences-et-technologies","15":"tag-technologies","16":"tag-technology"},"share_on_mastodon":{"url":"https:\/\/pubeurope.com\/@fr\/114638460394813879","error":""},"_links":{"self":[{"href":"https:\/\/www.europesays.com\/fr\/wp-json\/wp\/v2\/posts\/157431","targetHints":{"allow":["GET"]}}],"collection":[{"href":"https:\/\/www.europesays.com\/fr\/wp-json\/wp\/v2\/posts"}],"about":[{"href":"https:\/\/www.europesays.com\/fr\/wp-json\/wp\/v2\/types\/post"}],"author":[{"embeddable":true,"href":"https:\/\/www.europesays.com\/fr\/wp-json\/wp\/v2\/users\/2"}],"replies":[{"embeddable":true,"href":"https:\/\/www.europesays.com\/fr\/wp-json\/wp\/v2\/comments?post=157431"}],"version-history":[{"count":0,"href":"https:\/\/www.europesays.com\/fr\/wp-json\/wp\/v2\/posts\/157431\/revisions"}],"wp:featuredmedia":[{"embeddable":true,"href":"https:\/\/www.europesays.com\/fr\/wp-json\/wp\/v2\/media\/157432"}],"wp:attachment":[{"href":"https:\/\/www.europesays.com\/fr\/wp-json\/wp\/v2\/media?parent=157431"}],"wp:term":[{"taxonomy":"category","embeddable":true,"href":"https:\/\/www.europesays.com\/fr\/wp-json\/wp\/v2\/categories?post=157431"},{"taxonomy":"post_tag","embeddable":true,"href":"https:\/\/www.europesays.com\/fr\/wp-json\/wp\/v2\/tags?post=157431"}],"curies":[{"name":"wp","href":"https:\/\/api.w.org\/{rel}","templated":true}]}}