{"id":157435,"date":"2025-06-06T21:08:13","date_gmt":"2025-06-06T21:08:13","guid":{"rendered":"https:\/\/www.europesays.com\/fr\/157435\/"},"modified":"2025-06-06T21:08:13","modified_gmt":"2025-06-06T21:08:13","slug":"la-norvege-introduit-la-notion-de-consentement-explicite-dans-la-loi","status":"publish","type":"post","link":"https:\/\/www.europesays.com\/fr\/157435\/","title":{"rendered":"La Norv\u00e8ge introduit la notion de consentement explicite dans la loi"},"content":{"rendered":"<p>Le <a href=\"https:\/\/www.20minutes.fr\/dossier\/parlement\" class=\"color-ultramarine c-link\" rel=\"nofollow noopener\" target=\"_blank\">Parlement<\/a> <a href=\"https:\/\/www.20minutes.fr\/dossier\/norvege\" class=\"color-ultramarine c-link\" rel=\"nofollow noopener\" target=\"_blank\">norv\u00e9gien <\/a>a adopt\u00e9, vendredi, un projet d\u2019amendement visant \u00e0 introduire la notion de consentement explicite dans la d\u00e9finition p\u00e9nale du <a href=\"https:\/\/www.20minutes.fr\/dossier\/viol\" class=\"color-ultramarine c-link\" rel=\"nofollow noopener\" target=\"_blank\">viol<\/a>. Pour ne pas tomber sous le coup de la loi, un rapport sexuel devra \u00eatre bas\u00e9 sur la libre volont\u00e9 des parties, clairement exprim\u00e9e en parole ou par le geste.<\/p>\n<p>Model\u00e9e sur le principe \u00ab\u00a0seul un oui est un oui\u00a0\u00bb d\u00e9j\u00e0 en vigueur en <a href=\"https:\/\/www.20minutes.fr\/dossier\/suede\" class=\"color-ultramarine c-link\" rel=\"nofollow noopener\" target=\"_blank\">Su\u00e8de<\/a> voisine, la proposition p\u00e9nalise le viol par absence de consentement, un chef passible d\u2019une peine de six ans de prison.<\/p>\n<p>Adopt\u00e9 \u00e0 une large majorit\u00e9.<\/p>\n<p>\u00ab\u00a0Aujourd\u2019hui, la loi consid\u00e8re qu\u2019il y a viol uniquement s\u2019il y a eu recours \u00e0 la violence, \u00e0 des menaces, ou si l\u2019on a profit\u00e9 de la vuln\u00e9rabilit\u00e9 d\u2019une personne incapable de r\u00e9sister\u00a0\u00bb, avait expliqu\u00e9 la ministre travailliste de la Justice, Astri Aas-Hansen, en pr\u00e9sentant le projet en avril. \u00ab\u00a0Mais il peut exister d\u2019autres raisons pour lesquelles une personne ne peut pas ou ne parvient pas \u00e0 refuser une avance sexuelle\u00a0\u00bb, avait-elle fait valoir. Le texte a \u00e9t\u00e9 adopt\u00e9 \u00e0 une large majorit\u00e9.<\/p>\n<\/p>\n<p>La Norv\u00e8ge rejoint ainsi d\u2019autres pays comme la Su\u00e8de et l\u2019Espagne qui ont aussi introduit la notion d\u2019un consentement sexuel explicite dans leur l\u00e9gislation sur le viol.<\/p>\n","protected":false},"excerpt":{"rendered":"Le Parlement norv\u00e9gien a adopt\u00e9, vendredi, un projet d\u2019amendement visant \u00e0 introduire la notion de consentement explicite dans&hellip;\n","protected":false},"author":2,"featured_media":157436,"comment_status":"","ping_status":"","sticky":false,"template":"","format":"standard","meta":{"footnotes":""},"categories":[5],"tags":[47,11,123,1011,27,14,74,12,673,7199,1265,28],"class_list":{"0":"post-157435","1":"post","2":"type-post","3":"status-publish","4":"format-standard","5":"has-post-thumbnail","7":"category-international","8":"tag-actualite","9":"tag-actualites","10":"tag-espagne","11":"tag-fr","12":"tag-france","13":"tag-international","14":"tag-monde","15":"tag-news","16":"tag-norvege","17":"tag-suede","18":"tag-viol","19":"tag-world"},"share_on_mastodon":{"url":"https:\/\/pubeurope.com\/@fr\/114638468193788252","error":""},"_links":{"self":[{"href":"https:\/\/www.europesays.com\/fr\/wp-json\/wp\/v2\/posts\/157435","targetHints":{"allow":["GET"]}}],"collection":[{"href":"https:\/\/www.europesays.com\/fr\/wp-json\/wp\/v2\/posts"}],"about":[{"href":"https:\/\/www.europesays.com\/fr\/wp-json\/wp\/v2\/types\/post"}],"author":[{"embeddable":true,"href":"https:\/\/www.europesays.com\/fr\/wp-json\/wp\/v2\/users\/2"}],"replies":[{"embeddable":true,"href":"https:\/\/www.europesays.com\/fr\/wp-json\/wp\/v2\/comments?post=157435"}],"version-history":[{"count":0,"href":"https:\/\/www.europesays.com\/fr\/wp-json\/wp\/v2\/posts\/157435\/revisions"}],"wp:featuredmedia":[{"embeddable":true,"href":"https:\/\/www.europesays.com\/fr\/wp-json\/wp\/v2\/media\/157436"}],"wp:attachment":[{"href":"https:\/\/www.europesays.com\/fr\/wp-json\/wp\/v2\/media?parent=157435"}],"wp:term":[{"taxonomy":"category","embeddable":true,"href":"https:\/\/www.europesays.com\/fr\/wp-json\/wp\/v2\/categories?post=157435"},{"taxonomy":"post_tag","embeddable":true,"href":"https:\/\/www.europesays.com\/fr\/wp-json\/wp\/v2\/tags?post=157435"}],"curies":[{"name":"wp","href":"https:\/\/api.w.org\/{rel}","templated":true}]}}