{"id":157441,"date":"2025-06-06T21:11:09","date_gmt":"2025-06-06T21:11:09","guid":{"rendered":"https:\/\/www.europesays.com\/fr\/157441\/"},"modified":"2025-06-06T21:11:09","modified_gmt":"2025-06-06T21:11:09","slug":"les-pompiers-sollicites-quatorze-fois-en-une-demi-heure","status":"publish","type":"post","link":"https:\/\/www.europesays.com\/fr\/157441\/","title":{"rendered":"les pompiers sollicit\u00e9s quatorze fois en une demi-heure"},"content":{"rendered":"<p>Apr\u00e8s le Forez, le sud du d\u00e9partement. Vendredi soir, suite \u00e0 un orage de gr\u00eale de faible dur\u00e9e mais de forte intensit\u00e9, les sapeurs-pompiers ont \u00e9t\u00e9 sollicit\u00e9s sur quatorze interventions de b\u00e2chage et d\u2019\u00e9puisement de locaux dans diff\u00e9rentes communes du sud de la Loire.<\/p>\n<p>En une demi-heure, entre 20 heures 30 et 21 heures, une vingtaine de pompiers ont \u00e9t\u00e9 d\u00e9ploy\u00e9s notamment sur Firminy (rue Laprat et rue Perrieres), Saint-Paul-en-Jarez (rue de la R\u00e9publique), Roche-la-Moli\u00e8re (rue du Marais), Saint-Priest-en-Jarez et Saint-\u00c9tienne.<\/p>\n<p>\u00c0 Roche-la-Moli\u00e8re, une coupure de courant a impact\u00e9 plusieurs quartiers qui \u00e9taient encore plong\u00e9s dans le noir deux heures apr\u00e8s le passage de l\u2019orage.<\/p>\n<p>La pr\u00e9fecture de la Loire rappelle que M\u00e9t\u00e9o France a plac\u00e9 le d\u00e9partement en vigilance orange pour le ph\u00e9nom\u00e8ne orage. Cet \u00e9pisode a d\u00e9but\u00e9 vendredi \u00e0 compter de 16 heures et devait durer jusqu\u2019en milieu de nuit.<\/p>\n<p>Au plus fort de l\u2019\u00e9v\u00e8nement, localis\u00e9 sur Loire sud, on attendait des lames d\u2019eau pouvant atteindre 20 millim\u00e8tres sur une dizaine de minutes avec localement des cumuls de 50 millim\u00e8tres sur l\u2019ensemble de l\u2019\u00e9pisode ainsi que de la gr\u00eale de taille moyenne \u00e0 importante. Les autorit\u00e9s d\u00e9conseillaient les d\u00e9placements et les activit\u00e9s en ext\u00e9rieur.<\/p>\n","protected":false},"excerpt":{"rendered":"Apr\u00e8s le Forez, le sud du d\u00e9partement. Vendredi soir, suite \u00e0 un orage de gr\u00eale de faible dur\u00e9e&hellip;\n","protected":false},"author":2,"featured_media":157442,"comment_status":"","ping_status":"","sticky":false,"template":"","format":"standard","meta":{"footnotes":""},"categories":[9653],"tags":[119,1111,11,2430,7539,1777,674,274,1011,27,3367,12,25,4001,7538],"class_list":{"0":"post-157441","1":"post","2":"type-post","3":"status-publish","4":"format-standard","5":"has-post-thumbnail","7":"category-saint-etienne","8":"tag-accident","9":"tag-actu","10":"tag-actualites","11":"tag-auvergne-rhone-alpes","12":"tag-edition-loire-sud","13":"tag-eu","14":"tag-europe","15":"tag-faits-divers-justice","16":"tag-fr","17":"tag-france","18":"tag-loire","19":"tag-news","20":"tag-republique-francaise","21":"tag-saint-etienne","22":"tag-saint-etienne-ville"},"share_on_mastodon":{"url":"https:\/\/pubeurope.com\/@fr\/114638479932953018","error":""},"_links":{"self":[{"href":"https:\/\/www.europesays.com\/fr\/wp-json\/wp\/v2\/posts\/157441","targetHints":{"allow":["GET"]}}],"collection":[{"href":"https:\/\/www.europesays.com\/fr\/wp-json\/wp\/v2\/posts"}],"about":[{"href":"https:\/\/www.europesays.com\/fr\/wp-json\/wp\/v2\/types\/post"}],"author":[{"embeddable":true,"href":"https:\/\/www.europesays.com\/fr\/wp-json\/wp\/v2\/users\/2"}],"replies":[{"embeddable":true,"href":"https:\/\/www.europesays.com\/fr\/wp-json\/wp\/v2\/comments?post=157441"}],"version-history":[{"count":0,"href":"https:\/\/www.europesays.com\/fr\/wp-json\/wp\/v2\/posts\/157441\/revisions"}],"wp:featuredmedia":[{"embeddable":true,"href":"https:\/\/www.europesays.com\/fr\/wp-json\/wp\/v2\/media\/157442"}],"wp:attachment":[{"href":"https:\/\/www.europesays.com\/fr\/wp-json\/wp\/v2\/media?parent=157441"}],"wp:term":[{"taxonomy":"category","embeddable":true,"href":"https:\/\/www.europesays.com\/fr\/wp-json\/wp\/v2\/categories?post=157441"},{"taxonomy":"post_tag","embeddable":true,"href":"https:\/\/www.europesays.com\/fr\/wp-json\/wp\/v2\/tags?post=157441"}],"curies":[{"name":"wp","href":"https:\/\/api.w.org\/{rel}","templated":true}]}}