{"id":157455,"date":"2025-06-06T21:18:14","date_gmt":"2025-06-06T21:18:14","guid":{"rendered":"https:\/\/www.europesays.com\/fr\/157455\/"},"modified":"2025-06-06T21:18:14","modified_gmt":"2025-06-06T21:18:14","slug":"a-montpellier-le-gouvernement-au-chevet-des-enfants-des-quartiers-populaires","status":"publish","type":"post","link":"https:\/\/www.europesays.com\/fr\/157455\/","title":{"rendered":"A Montpellier, le gouvernement au chevet des enfants des quartiers populaires"},"content":{"rendered":"<p>Le comit\u00e9 interminist\u00e9riel des villes pr\u00e9sid\u00e9 par Fran\u00e7ois Bayrou se d\u00e9roule aujourd\u2019hui \u00e0 Montpellier. Le th\u00e8me\u00a0: \u00ab\u00a0l\u2019enfant dans la ville\u00a0\u00bb.<\/p>\n<p><a href=\"https:\/\/x.com\/bayrou\" target=\"_blank\" rel=\"noopener\">Fran\u00e7ois Bayrou<\/a> devrait annoncer une quarantaine de mesures autour de trois axes: le soutien \u00e0 l\u2019enfance et \u00e0 l\u2019\u00e9mancipation de la jeunesse, l\u2019am\u00e9lioration du cadre de vie des habitants et le d\u00e9veloppement \u00e9conomique, notamment en faveur de l\u2019entrepreneuriat f\u00e9minin.<\/p>\n<p>Septi\u00e8me ville de France avec plus de 300 000 habitants, Montpellier compte dix quartiers dits \u00ab\u00a0prioritaires de la politique de la ville\u00a0\u00bb et affiche un taux de pauvret\u00e9 de 27%, contre 14,4% \u00e0 l\u2019\u00e9chelle nationale.<\/p>\n<p>Le Premier ministre visitera dans la matin\u00e9e le quartier d\u00e9favoris\u00e9 de la Mosson. Il se rendra notamment sur le chantier d\u2019un \u00e9tablissement scolaire ayant pour objectif de favoriser la mixit\u00e9 sociale et inaugurera un commissariat o\u00f9 travaillent ensemble polices nationale et municipale.<\/p>\n<p>Contexte budg\u00e9taire tendu<\/p>\n<p>Outre Fran\u00e7ois Bayrou et la ministre d\u00e9l\u00e9gu\u00e9e \u00e0 la Ville Juliette M\u00e9adel, sept ministres sont attendus: Elisabeth Borne (Education), Fran\u00e7ois Rebsamen (Am\u00e9nagement du territoire), Yannick Neuder (Sant\u00e9), Val\u00e9rie L\u00e9tard (Logement), Am\u00e9lie de Montchalin (Comptes publics), Fran\u00e7ois-No\u00ebl Buffet (Int\u00e9rieur) et V\u00e9ronique Louwagie (Commerce).<\/p>\n<p>Apr\u00e8s deux reports, ce rendez-vous se tient dans un contexte budg\u00e9taire tendu, alors que le gouvernement cherche 40 milliards d\u2019\u00e9conomies pour 2026. En 2025, le <a href=\"https:\/\/www.lecourrierdelatlas.com\/?s=Budget+2025+France\" target=\"_blank\" rel=\"noopener\">budget<\/a> de la politique de la ville s\u2019\u00e9levait \u00e0 609,6 millions d\u2019euros, mais 15 millions viennent d\u2019\u00eatre annul\u00e9s par d\u00e9cret tandis que 26,5 millions sont gel\u00e9s.<\/p>\n<p>1 600 QPV en France<\/p>\n<p>Cr\u00e9\u00e9 en 1988, le CIV vise \u00e0 coordonner l\u2019action des diff\u00e9rents minist\u00e8res en mati\u00e8re de <a href=\"https:\/\/www.lecourrierdelatlas.com\/tag\/politique-de-la-ville\/\" target=\"_blank\" rel=\"noopener\">politique de la ville<\/a> afin de r\u00e9pondre plus efficacement aux difficult\u00e9s de ces <a href=\"https:\/\/www.lecourrierdelatlas.com\/tag\/quartiers-populaires\/\" target=\"_blank\" rel=\"noopener\">quartiers d\u00e9favoris\u00e9s<\/a>.<\/p>\n<p>La France compte environ 1 600 QPV qui repr\u00e9sentent six millions d\u2019habitants. Le pr\u00e9c\u00e9dent comit\u00e9 interminist\u00e9riel des villes avait eu lieu en octobre 2023 apr\u00e8s de nombreux retards et quatre mois apr\u00e8s les \u00e9meutes d\u00e9clench\u00e9es par la mort de Nahel, tu\u00e9 par un policier \u00e0 Nanterre.<\/p>\n<p>\u00a0<\/p>\n","protected":false},"excerpt":{"rendered":"Le comit\u00e9 interminist\u00e9riel des villes pr\u00e9sid\u00e9 par Fran\u00e7ois Bayrou se d\u00e9roule aujourd\u2019hui \u00e0 Montpellier. Le th\u00e8me\u00a0: \u00ab\u00a0l\u2019enfant dans&hellip;\n","protected":false},"author":2,"featured_media":157456,"comment_status":"","ping_status":"","sticky":false,"template":"","format":"standard","meta":{"footnotes":""},"categories":[9599],"tags":[1111,11,1003,28842,10777,1777,674,1011,27,4075,23743,2208,12,2680,4518,6347,25333,28843,25],"class_list":{"0":"post-157455","1":"post","2":"type-post","3":"status-publish","4":"format-standard","5":"has-post-thumbnail","7":"category-montpellier","8":"tag-actu","9":"tag-actualites","10":"tag-budget","11":"tag-budget-2025-france","12":"tag-enfance","13":"tag-eu","14":"tag-europe","15":"tag-fr","16":"tag-france","17":"tag-jeunesse","18":"tag-mixite-sociale","19":"tag-montpellier","20":"tag-news","21":"tag-occitanie","22":"tag-pauvrete","23":"tag-politique-de-la-ville","24":"tag-qpv","25":"tag-quartiers-populaires","26":"tag-republique-francaise"},"share_on_mastodon":{"url":"https:\/\/pubeurope.com\/@fr\/114638507434156125","error":""},"_links":{"self":[{"href":"https:\/\/www.europesays.com\/fr\/wp-json\/wp\/v2\/posts\/157455","targetHints":{"allow":["GET"]}}],"collection":[{"href":"https:\/\/www.europesays.com\/fr\/wp-json\/wp\/v2\/posts"}],"about":[{"href":"https:\/\/www.europesays.com\/fr\/wp-json\/wp\/v2\/types\/post"}],"author":[{"embeddable":true,"href":"https:\/\/www.europesays.com\/fr\/wp-json\/wp\/v2\/users\/2"}],"replies":[{"embeddable":true,"href":"https:\/\/www.europesays.com\/fr\/wp-json\/wp\/v2\/comments?post=157455"}],"version-history":[{"count":0,"href":"https:\/\/www.europesays.com\/fr\/wp-json\/wp\/v2\/posts\/157455\/revisions"}],"wp:featuredmedia":[{"embeddable":true,"href":"https:\/\/www.europesays.com\/fr\/wp-json\/wp\/v2\/media\/157456"}],"wp:attachment":[{"href":"https:\/\/www.europesays.com\/fr\/wp-json\/wp\/v2\/media?parent=157455"}],"wp:term":[{"taxonomy":"category","embeddable":true,"href":"https:\/\/www.europesays.com\/fr\/wp-json\/wp\/v2\/categories?post=157455"},{"taxonomy":"post_tag","embeddable":true,"href":"https:\/\/www.europesays.com\/fr\/wp-json\/wp\/v2\/tags?post=157455"}],"curies":[{"name":"wp","href":"https:\/\/api.w.org\/{rel}","templated":true}]}}