{"id":157457,"date":"2025-06-06T21:19:24","date_gmt":"2025-06-06T21:19:24","guid":{"rendered":"https:\/\/www.europesays.com\/fr\/157457\/"},"modified":"2025-06-06T21:19:24","modified_gmt":"2025-06-06T21:19:24","slug":"jean-luc-melenchon-en-meeting-a-rouen-le-11-juin-aux-cotes-dalma-dufour-et-maxime-da-silva","status":"publish","type":"post","link":"https:\/\/www.europesays.com\/fr\/157457\/","title":{"rendered":"Jean-Luc M\u00e9lenchon en meeting \u00e0 Rouen le 11 juin aux c\u00f4t\u00e9s d\u2019Alma Dufour et Maxime Da Silva"},"content":{"rendered":"<p>\t\t\t\t\t Jean-Luc M\u00e9lenchon poursuit son tour de France politique en faveur d\u2019une refondation des institutions. Mercredi 11 juin, il tiendra un meeting \u00e0 Rouen dans le cadre de la campagne nationale pour la 6\u1d49 R\u00e9publique, un projet de transition vers une nouvelle Constitution port\u00e9 de longue date par La France insoumise. <\/p>\n<p>Le rendez-vous est fix\u00e9 \u00e0 19\u00a0h\u00a000 \u00e0 la Halle aux Toiles, situ\u00e9e au 19 place de la Vieille Tour, en plein c\u0153ur de la ville.\n\t\t\t\t <\/p>\n","protected":false},"excerpt":{"rendered":"Jean-Luc M\u00e9lenchon poursuit son tour de France politique en faveur d\u2019une refondation des institutions. Mercredi 11 juin, il&hellip;\n","protected":false},"author":2,"featured_media":157458,"comment_status":"","ping_status":"","sticky":false,"template":"","format":"standard","meta":{"footnotes":""},"categories":[9587],"tags":[1111,11,1777,674,1011,27,1934,12,5161,25,9590,5163],"class_list":{"0":"post-157457","1":"post","2":"type-post","3":"status-publish","4":"format-standard","5":"has-post-thumbnail","7":"category-rouen","8":"tag-actu","9":"tag-actualites","10":"tag-eu","11":"tag-europe","12":"tag-fr","13":"tag-france","14":"tag-infos-locales","15":"tag-news","16":"tag-normandie","17":"tag-republique-francaise","18":"tag-rouen","19":"tag-seine-maritime"},"share_on_mastodon":{"url":"https:\/\/pubeurope.com\/@fr\/114638511343237432","error":""},"_links":{"self":[{"href":"https:\/\/www.europesays.com\/fr\/wp-json\/wp\/v2\/posts\/157457","targetHints":{"allow":["GET"]}}],"collection":[{"href":"https:\/\/www.europesays.com\/fr\/wp-json\/wp\/v2\/posts"}],"about":[{"href":"https:\/\/www.europesays.com\/fr\/wp-json\/wp\/v2\/types\/post"}],"author":[{"embeddable":true,"href":"https:\/\/www.europesays.com\/fr\/wp-json\/wp\/v2\/users\/2"}],"replies":[{"embeddable":true,"href":"https:\/\/www.europesays.com\/fr\/wp-json\/wp\/v2\/comments?post=157457"}],"version-history":[{"count":0,"href":"https:\/\/www.europesays.com\/fr\/wp-json\/wp\/v2\/posts\/157457\/revisions"}],"wp:featuredmedia":[{"embeddable":true,"href":"https:\/\/www.europesays.com\/fr\/wp-json\/wp\/v2\/media\/157458"}],"wp:attachment":[{"href":"https:\/\/www.europesays.com\/fr\/wp-json\/wp\/v2\/media?parent=157457"}],"wp:term":[{"taxonomy":"category","embeddable":true,"href":"https:\/\/www.europesays.com\/fr\/wp-json\/wp\/v2\/categories?post=157457"},{"taxonomy":"post_tag","embeddable":true,"href":"https:\/\/www.europesays.com\/fr\/wp-json\/wp\/v2\/tags?post=157457"}],"curies":[{"name":"wp","href":"https:\/\/api.w.org\/{rel}","templated":true}]}}