{"id":157465,"date":"2025-06-06T21:26:28","date_gmt":"2025-06-06T21:26:28","guid":{"rendered":"https:\/\/www.europesays.com\/fr\/157465\/"},"modified":"2025-06-06T21:26:28","modified_gmt":"2025-06-06T21:26:28","slug":"pays-de-montmedy-le-festival-itinerant-des-ombres-des-soirs-fait-son-retour","status":"publish","type":"post","link":"https:\/\/www.europesays.com\/fr\/157465\/","title":{"rendered":"Pays de Montm\u00e9dy. Le Festival itin\u00e9rant des Ombres des soirs fait son retour"},"content":{"rendered":"<p>Le Pays de Montm\u00e9dy accueillera cette ann\u00e9e encore le Festival de th\u00e9\u00e2tre itin\u00e9rant de la troupe Les Ombres des Soirs. C\u2019est la 4e ann\u00e9e que la compagnie fait une halte, toujours tr\u00e8s appr\u00e9ci\u00e9e du public, sur le territoire.<\/p>\n<p>\u00ab\u00a0Chaque \u00e9t\u00e9 nous parcourons le Grand Est et nous continuons de porter \u00e0 bras-le-corps (le c\u0153ur) ce projet malgr\u00e9 un climat politique et culturel vacillant\u00a0\u00bb, t\u00e9moigne Youssouf Abi-ayad, le directeur artistique.<\/p>\n<p>Cette ann\u00e9e, le festival se d\u00e9roulera en deux parties. La premi\u00e8re a d\u00e9but\u00e9 ce jeudi 5\u00a0juin et se poursuivra jusqu\u2019au 11\u00a0juin. D\u00e9di\u00e9s aux scolaires, il y aura deux spectacles jeunes et tout publics, qui seront jou\u00e9s pour des \u00e9l\u00e8ves et des structures d\u2019accueil.<\/p>\n<p>  Quatre spectacles ouverts au public<\/p>\n<p>La plupart des repr\u00e9sentations leur seront enti\u00e8rement r\u00e9serv\u00e9es mais quatre spectacles seront ouverts au public.<\/p>\n<p><strong> \u25b6 \u2002 Samedi 7\u00a0juin<\/strong> \u00e0 15\u00a0h \u00e0 l\u2019\u00e9cole de Marville, dans le cadre de la kermesse. Le spectacle jeune public \u00ab\u00a0Cr\u00e9atures\u00a0\u00bb (35 mn) est un conte moderne qui m\u00eale myst\u00e8re et merveilleux autour de Cora, une fillette diff\u00e9rente par son handicap.<\/p>\n<p><strong> \u25b6 \u2002 Mardi 10\u00a0juin<\/strong> \u00e0 20\u00a0h \u00e0 la salle des f\u00eates de Thonne-la-Long. Le spectacle contemporain tout public \u00ab\u00a0Le talent d\u2019Achille\u00a0\u00bb revisite en 1\u00a0h l\u2019histoire du sport, depuis les premiers J.O. jusqu\u2019aux tutos fitness modernes\u00a0!<\/p>\n<p><strong> \u25b6 \u2002 Mercredi 11\u00a0juin<\/strong> \u00e0 15\u00a0h \u00e0 Montm\u00e9dy au Centre Wilson. La course effr\u00e9n\u00e9e du sport \u00e0 travers les si\u00e8cles, \u00ab\u00a0Le talent d\u2019Achille\u00a0\u00bb sera jou\u00e9e \u00e0 nouveau, en version 35mn avec un verre de l\u2019amiti\u00e9.<\/p>\n<p><strong> \u25b6 \u2002 Mercredi 11\u00a0juin<\/strong> \u00e0 20\u00a0h \u00e0 Vill\u00e9cloye, \u00e0 la biblioth\u00e8que, pr\u00e8s de la salle des f\u00eates. Ce sera une rencontre conviviale et une discussion avec le metteur en sc\u00e8ne et les com\u00e9diennes et com\u00e9diens de la troupe.<\/p>\n<p>Acc\u00e8s et tarif libres dans la limite des places disponibles &#8211; d\u00e9tails des spectacles sur www.lesombresdessoirs.fr<\/p>\n<p>Le festival est soutenu par l\u2019Union Europ\u00e9enne, la DRAC &#8211; Minist\u00e8re de la Culture, la R\u00e9gion Grand Est, le fonds LEADER et la Communaut\u00e9 de Communes du Pays de Montm\u00e9dy, avec la collaboration des communes.<\/p>\n<p>  Une deuxi\u00e8me partie du 26\u00a0juillet au 3\u00a0ao\u00fbt<\/p>\n<p>La 2e partie du festival est pr\u00e9vue du 26\u00a0juillet au 3\u00a0ao\u00fbt et sera comme d\u2019habitude en itin\u00e9rance dans les villages du canton. Trois spectacles sont au programme\u00a0: \u00ab\u00a0Angelo, tyran de Padoue\u00a0\u00bb (une reprise suite au succ\u00e8s de l\u2019an dernier), \u00ab\u00a0La Cantatrice Chauve\u00a0\u00bb (in\u00e9dit) et \u00ab\u00a0Cendrillon\u00a0\u00bb (nouvelle version et mise en sc\u00e8ne).<\/p>\n<p>A noter qu\u2019il y aura une soir\u00e9e sp\u00e9ciale nomm\u00e9e \u00ab\u00a0Cartographie\u00a0\u00bb avec Carole Nieder, pour une performance crois\u00e9e.<\/p>\n","protected":false},"excerpt":{"rendered":"Le Pays de Montm\u00e9dy accueillera cette ann\u00e9e encore le Festival de th\u00e9\u00e2tre itin\u00e9rant de la troupe Les Ombres&hellip;\n","protected":false},"author":2,"featured_media":157466,"comment_status":"","ping_status":"","sticky":false,"template":"","format":"standard","meta":{"footnotes":""},"categories":[2820],"tags":[1111,11,23349,1687,10174,1777,674,1011,27,775,23348,12,25,640],"class_list":{"0":"post-157465","1":"post","2":"type-post","3":"status-publish","4":"format-standard","5":"has-post-thumbnail","7":"category-strasbourg","8":"tag-actu","9":"tag-actualites","10":"tag-cc-du-pays-de-montmedy-55a","11":"tag-culture-loisirs","12":"tag-edition-verdun","13":"tag-eu","14":"tag-europe","15":"tag-fr","16":"tag-france","17":"tag-grand-est","18":"tag-montmedy","19":"tag-news","20":"tag-republique-francaise","21":"tag-strasbourg"},"share_on_mastodon":{"url":"https:\/\/pubeurope.com\/@fr\/114638538900688746","error":""},"_links":{"self":[{"href":"https:\/\/www.europesays.com\/fr\/wp-json\/wp\/v2\/posts\/157465","targetHints":{"allow":["GET"]}}],"collection":[{"href":"https:\/\/www.europesays.com\/fr\/wp-json\/wp\/v2\/posts"}],"about":[{"href":"https:\/\/www.europesays.com\/fr\/wp-json\/wp\/v2\/types\/post"}],"author":[{"embeddable":true,"href":"https:\/\/www.europesays.com\/fr\/wp-json\/wp\/v2\/users\/2"}],"replies":[{"embeddable":true,"href":"https:\/\/www.europesays.com\/fr\/wp-json\/wp\/v2\/comments?post=157465"}],"version-history":[{"count":0,"href":"https:\/\/www.europesays.com\/fr\/wp-json\/wp\/v2\/posts\/157465\/revisions"}],"wp:featuredmedia":[{"embeddable":true,"href":"https:\/\/www.europesays.com\/fr\/wp-json\/wp\/v2\/media\/157466"}],"wp:attachment":[{"href":"https:\/\/www.europesays.com\/fr\/wp-json\/wp\/v2\/media?parent=157465"}],"wp:term":[{"taxonomy":"category","embeddable":true,"href":"https:\/\/www.europesays.com\/fr\/wp-json\/wp\/v2\/categories?post=157465"},{"taxonomy":"post_tag","embeddable":true,"href":"https:\/\/www.europesays.com\/fr\/wp-json\/wp\/v2\/tags?post=157465"}],"curies":[{"name":"wp","href":"https:\/\/api.w.org\/{rel}","templated":true}]}}