{"id":157467,"date":"2025-06-06T21:27:07","date_gmt":"2025-06-06T21:27:07","guid":{"rendered":"https:\/\/www.europesays.com\/fr\/157467\/"},"modified":"2025-06-06T21:27:07","modified_gmt":"2025-06-06T21:27:07","slug":"strasbourg-un-homme-tombe-a-leau-et-se-noie-dans-lill","status":"publish","type":"post","link":"https:\/\/www.europesays.com\/fr\/157467\/","title":{"rendered":"Strasbourg. Un homme tombe \u00e0 l&rsquo;eau et se noie dans l&rsquo;Ill"},"content":{"rendered":"<p>Le corps sans vie d\u2019un homme d\u2019une vingtaine d\u2019ann\u00e9es a \u00e9t\u00e9 retrouv\u00e9 dans l\u2019Ill ce vendredi 6 juin \u00e0 Strasbourg. Dans la nuit de jeudi \u00e0 vendredi, vers 3 h, les sapeurs-pompiers ont \u00e9t\u00e9 alert\u00e9s de la chute dans l\u2019eau de deux hommes au niveau de la promenade de la Tour du diable \u00e0 Strasbourg, entre le barrage Vauban et le pont des Fr\u00e8res-Matthis. L\u2019un d\u2019eux est parvenu \u00e0 rejoindre la rive. Ne voyant plus son comparse, il a signal\u00e9 aussit\u00f4t sa disparition.<\/p>\n<p>Les plongeurs de la caserne Finkwiller ont retrouv\u00e9 son corps une heure plus tard. Une enqu\u00eate est en cours afin de d\u00e9terminer les circonstances du drame.<\/p>\n","protected":false},"excerpt":{"rendered":"Le corps sans vie d\u2019un homme d\u2019une vingtaine d\u2019ann\u00e9es a \u00e9t\u00e9 retrouv\u00e9 dans l\u2019Ill ce vendredi 6 juin&hellip;\n","protected":false},"author":2,"featured_media":157468,"comment_status":"","ping_status":"","sticky":false,"template":"","format":"standard","meta":{"footnotes":""},"categories":[2820],"tags":[1111,11,2880,1777,674,274,107,1011,27,775,12,25,640],"class_list":{"0":"post-157467","1":"post","2":"type-post","3":"status-publish","4":"format-standard","5":"has-post-thumbnail","7":"category-strasbourg","8":"tag-actu","9":"tag-actualites","10":"tag-edition-strasbourg","11":"tag-eu","12":"tag-europe","13":"tag-faits-divers-justice","14":"tag-fil-info","15":"tag-fr","16":"tag-france","17":"tag-grand-est","18":"tag-news","19":"tag-republique-francaise","20":"tag-strasbourg"},"share_on_mastodon":{"url":"https:\/\/pubeurope.com\/@fr\/114638542781290002","error":""},"_links":{"self":[{"href":"https:\/\/www.europesays.com\/fr\/wp-json\/wp\/v2\/posts\/157467","targetHints":{"allow":["GET"]}}],"collection":[{"href":"https:\/\/www.europesays.com\/fr\/wp-json\/wp\/v2\/posts"}],"about":[{"href":"https:\/\/www.europesays.com\/fr\/wp-json\/wp\/v2\/types\/post"}],"author":[{"embeddable":true,"href":"https:\/\/www.europesays.com\/fr\/wp-json\/wp\/v2\/users\/2"}],"replies":[{"embeddable":true,"href":"https:\/\/www.europesays.com\/fr\/wp-json\/wp\/v2\/comments?post=157467"}],"version-history":[{"count":0,"href":"https:\/\/www.europesays.com\/fr\/wp-json\/wp\/v2\/posts\/157467\/revisions"}],"wp:featuredmedia":[{"embeddable":true,"href":"https:\/\/www.europesays.com\/fr\/wp-json\/wp\/v2\/media\/157468"}],"wp:attachment":[{"href":"https:\/\/www.europesays.com\/fr\/wp-json\/wp\/v2\/media?parent=157467"}],"wp:term":[{"taxonomy":"category","embeddable":true,"href":"https:\/\/www.europesays.com\/fr\/wp-json\/wp\/v2\/categories?post=157467"},{"taxonomy":"post_tag","embeddable":true,"href":"https:\/\/www.europesays.com\/fr\/wp-json\/wp\/v2\/tags?post=157467"}],"curies":[{"name":"wp","href":"https:\/\/api.w.org\/{rel}","templated":true}]}}