{"id":157469,"date":"2025-06-06T21:28:10","date_gmt":"2025-06-06T21:28:10","guid":{"rendered":"https:\/\/www.europesays.com\/fr\/157469\/"},"modified":"2025-06-06T21:28:10","modified_gmt":"2025-06-06T21:28:10","slug":"suivez-en-video-et-en-direct-limmense-show-avec-2-025-drones-qui-ouvre-le-sommet-de-locean-unoc-a-nice","status":"publish","type":"post","link":"https:\/\/www.europesays.com\/fr\/157469\/","title":{"rendered":"Suivez en vid\u00e9o et en direct l&rsquo;immense show avec 2.025 drones qui ouvre le Sommet de l&rsquo;Oc\u00e9an Unoc \u00e0 Nice"},"content":{"rendered":"<p>Une premi\u00e8re en Europe.\u00a0Les festivit\u00e9s du Sommet de l&rsquo;Oc\u00e9an Unoc de Nice s&rsquo;ouvrent ce vendredi soir avec un spectacle r\u00e9unissant <strong>2.025 drones<\/strong> sur la Promenade des Anglais.\u00a0<\/p>\n<p>La start zone &#8211; ou zone de d\u00e9collage en fran\u00e7ais &#8211; est positionn\u00e9e face \u00e0 la mer, plage du Centenaire et <strong>le show d\u00e9marre \u00e0 22h45.\u00a0<\/strong><\/p>\n<p>Avant l&rsquo;envol de cet essaim de drones,\u00a0<strong>DJ Cassius<\/strong> et <strong>Agoria<\/strong> chaufferont les Ni\u00e7ois, toujours sur la Promenade des Anglais.\u00a0<\/p>\n<p>Nice-Matin vous propose de suivre ce show exceptionnel en direct \u00e0 partir de 22h45 sur notre site.\u00a0<\/p>\n","protected":false},"excerpt":{"rendered":"Une premi\u00e8re en Europe.\u00a0Les festivit\u00e9s du Sommet de l&rsquo;Oc\u00e9an Unoc de Nice s&rsquo;ouvrent ce vendredi soir avec un&hellip;\n","protected":false},"author":2,"featured_media":157470,"comment_status":"","ping_status":"","sticky":false,"template":"","format":"standard","meta":{"footnotes":""},"categories":[2819],"tags":[1111,11,1777,674,332,1011,27,12,2401,882,25],"class_list":{"0":"post-157469","1":"post","2":"type-post","3":"status-publish","4":"format-standard","5":"has-post-thumbnail","7":"category-nice","8":"tag-actu","9":"tag-actualites","10":"tag-eu","11":"tag-europe","12":"tag-faits-de-societe","13":"tag-fr","14":"tag-france","15":"tag-news","16":"tag-nice","17":"tag-provence-alpes-cote-dazur","18":"tag-republique-francaise"},"share_on_mastodon":{"url":"https:\/\/pubeurope.com\/@fr\/114638546794592733","error":""},"_links":{"self":[{"href":"https:\/\/www.europesays.com\/fr\/wp-json\/wp\/v2\/posts\/157469","targetHints":{"allow":["GET"]}}],"collection":[{"href":"https:\/\/www.europesays.com\/fr\/wp-json\/wp\/v2\/posts"}],"about":[{"href":"https:\/\/www.europesays.com\/fr\/wp-json\/wp\/v2\/types\/post"}],"author":[{"embeddable":true,"href":"https:\/\/www.europesays.com\/fr\/wp-json\/wp\/v2\/users\/2"}],"replies":[{"embeddable":true,"href":"https:\/\/www.europesays.com\/fr\/wp-json\/wp\/v2\/comments?post=157469"}],"version-history":[{"count":0,"href":"https:\/\/www.europesays.com\/fr\/wp-json\/wp\/v2\/posts\/157469\/revisions"}],"wp:featuredmedia":[{"embeddable":true,"href":"https:\/\/www.europesays.com\/fr\/wp-json\/wp\/v2\/media\/157470"}],"wp:attachment":[{"href":"https:\/\/www.europesays.com\/fr\/wp-json\/wp\/v2\/media?parent=157469"}],"wp:term":[{"taxonomy":"category","embeddable":true,"href":"https:\/\/www.europesays.com\/fr\/wp-json\/wp\/v2\/categories?post=157469"},{"taxonomy":"post_tag","embeddable":true,"href":"https:\/\/www.europesays.com\/fr\/wp-json\/wp\/v2\/tags?post=157469"}],"curies":[{"name":"wp","href":"https:\/\/api.w.org\/{rel}","templated":true}]}}