{"id":157471,"date":"2025-06-06T21:29:09","date_gmt":"2025-06-06T21:29:09","guid":{"rendered":"https:\/\/www.europesays.com\/fr\/157471\/"},"modified":"2025-06-06T21:29:09","modified_gmt":"2025-06-06T21:29:09","slug":"maire-de-la-capitale-du-monde-pour-quelques-heures-christian-estrosi-a-recu-les-maires-et-les-gouverneurs-des-villes-cotieres-du-monde-pour-un-diner-de-gala","status":"publish","type":"post","link":"https:\/\/www.europesays.com\/fr\/157471\/","title":{"rendered":"\u00ab\u00a0Maire de la capitale du monde pour quelques heures\u00a0\u00bb: Christian Estrosi a re\u00e7u les maires et les gouverneurs des villes c\u00f4ti\u00e8res du monde pour un d\u00eener de gala"},"content":{"rendered":"<p>\u00ab\u00a0Welcome in Nice&#8230; Between light and sea&#8230; We are the people of the Oceans, united and standing together!\u00a0\u00bb [Bienvenue \u00e0 Nice&#8230; Entre lumi\u00e8re et mer&#8230; Nous sommes les peuples des oc\u00e9ans, unis et debout tous ensemble].<\/p>\n<p>              <img ci-src=\"https:\/\/www.nicematin.com\/environnement\/protec\/DATA_ART_15671168-fBdNqaMw.jpg?vh=a1039f&amp;ci_seal=222079b6db\" alt=\"\"\/><br \/>\n        La princesse Camilla de Bourbon des Deux-Siciles en pleine convesation avec la maire de la Nouvelle Orl\u00e9ans LaToya Cantrell. <strong>S\u00e9bastien Botella \/ Nice Matin.<\/strong> <\/p>\n<p>C\u2019est en anglais que Christian Estrosi, \u00ab\u00a0maire de la capitale du monde pour quelques heures\u00a0\u00bb, a accueilli, ce vendredi 6 juin, 450 convives dont pr\u00e8s de 200 maires et gouverneurs des villes c\u00f4ti\u00e8res du monde entier. Pour un d\u00eener de gala sur les galets de Castel plage.\u00a0<\/p>\n<p>              <img ci-src=\"https:\/\/www.nicematin.com\/environnement\/protec\/DATA_ART_15671171-JBB8T63A.jpg?vh=059bb8&amp;ci_seal=94685c6cc1\" alt=\"\"\/><br \/>\n        L\u2019acteur engag\u00e9 Samuel Le Bihan \u00e9tait aussi de la soir\u00e9e. <strong>S\u00e9bastien Botella \/ Nice Matin.<\/strong> <\/p>\n<p>Avec \u00e0 sa table deux ministres, Agn\u00e8s Pannier-Runacher et Philippe Tabarot, le secr\u00e9taire g\u00e9n\u00e9ral des Nations Unies, Peter Thomson, le ministre l\u2019Environnement costaricain ou encore la maire de la ville de la Nouvelle Orl\u00e9ans aux \u00c9tats-Unis qui, contrairement au pr\u00e9sident am\u00e9ricain, Donald Trump, n\u2019a pas boud\u00e9 cet \u00e9v\u00e9nement mondial pour la d\u00e9fense de l\u2019Oc\u00e9an.<\/p>\n<p>              <img ci-src=\"https:\/\/www.nicematin.com\/environnement\/protec\/DATA_ART_15671174-SsZZeISu.jpg?vh=79bfbf&amp;ci_seal=f4c1fc9de9\" alt=\"\"\/><br \/>\n        Le secr\u00e9taire g\u00e9n\u00e9ral de l\u2019ONU envoy\u00e9 sp\u00e9cial pour l\u2019Oc\u00e9an Peter Thomson. <strong>S\u00e9bastien Botella \/ Nice Matin.<\/strong> <\/p>\n<p>Les d\u00e9cideurs locaux repr\u00e9sentants pr\u00e8s d\u2019un milliard de Terriens vivant au bord de la mer, eux, pourront dire qu\u2019ils \u00e9taient l\u00e0! Mais aussi quelques guests stars comme le m\u00e9daill\u00e9 olympique Edgar Grospiron, le pirate environnemental Paul Watson, l\u2019acteur Samuel Le Bihan ou encore, Alexandra, la petite fille du Commandant Cousteau.<\/p>\n","protected":false},"excerpt":{"rendered":"\u00ab\u00a0Welcome in Nice&#8230; Between light and sea&#8230; We are the people of the Oceans, united and standing together!\u00a0\u00bb&hellip;\n","protected":false},"author":2,"featured_media":157472,"comment_status":"","ping_status":"","sticky":false,"template":"","format":"standard","meta":{"footnotes":""},"categories":[2819],"tags":[1111,11,436,1777,674,1011,27,12,2401,882,25],"class_list":{"0":"post-157471","1":"post","2":"type-post","3":"status-publish","4":"format-standard","5":"has-post-thumbnail","7":"category-nice","8":"tag-actu","9":"tag-actualites","10":"tag-environnement","11":"tag-eu","12":"tag-europe","13":"tag-fr","14":"tag-france","15":"tag-news","16":"tag-nice","17":"tag-provence-alpes-cote-dazur","18":"tag-republique-francaise"},"share_on_mastodon":{"url":"https:\/\/pubeurope.com\/@fr\/114638550674075622","error":""},"_links":{"self":[{"href":"https:\/\/www.europesays.com\/fr\/wp-json\/wp\/v2\/posts\/157471","targetHints":{"allow":["GET"]}}],"collection":[{"href":"https:\/\/www.europesays.com\/fr\/wp-json\/wp\/v2\/posts"}],"about":[{"href":"https:\/\/www.europesays.com\/fr\/wp-json\/wp\/v2\/types\/post"}],"author":[{"embeddable":true,"href":"https:\/\/www.europesays.com\/fr\/wp-json\/wp\/v2\/users\/2"}],"replies":[{"embeddable":true,"href":"https:\/\/www.europesays.com\/fr\/wp-json\/wp\/v2\/comments?post=157471"}],"version-history":[{"count":0,"href":"https:\/\/www.europesays.com\/fr\/wp-json\/wp\/v2\/posts\/157471\/revisions"}],"wp:featuredmedia":[{"embeddable":true,"href":"https:\/\/www.europesays.com\/fr\/wp-json\/wp\/v2\/media\/157472"}],"wp:attachment":[{"href":"https:\/\/www.europesays.com\/fr\/wp-json\/wp\/v2\/media?parent=157471"}],"wp:term":[{"taxonomy":"category","embeddable":true,"href":"https:\/\/www.europesays.com\/fr\/wp-json\/wp\/v2\/categories?post=157471"},{"taxonomy":"post_tag","embeddable":true,"href":"https:\/\/www.europesays.com\/fr\/wp-json\/wp\/v2\/tags?post=157471"}],"curies":[{"name":"wp","href":"https:\/\/api.w.org\/{rel}","templated":true}]}}