{"id":157473,"date":"2025-06-06T21:30:23","date_gmt":"2025-06-06T21:30:23","guid":{"rendered":"https:\/\/www.europesays.com\/fr\/157473\/"},"modified":"2025-06-06T21:30:23","modified_gmt":"2025-06-06T21:30:23","slug":"violences-sexistes-et-sexuelles-nantes-aux-avant-postes","status":"publish","type":"post","link":"https:\/\/www.europesays.com\/fr\/157473\/","title":{"rendered":"Violences sexistes et sexuelles : Nantes aux avant-postes"},"content":{"rendered":"<p>Les agents de s\u00e9curit\u00e9, pr\u00e9sents 24\u00a0h\/24 et sept jours sur sept, ont accompagn\u00e9 Julie (*) jusqu\u2019\u00e0 l\u2019ascenseur. La m\u00e8re de famille rejoint le 7e \u00e9tage de l\u2019immeuble implant\u00e9 boulevard Vincent-G\u00e2che, \u00e0 Nantes. Ses deux enfants, \u00e2g\u00e9s de 6 et 8 ans, ont vite rep\u00e9r\u00e9 la salle de jeu. Julie sera libre de parler, \u00e0 c\u0153ur ouvert, avec l\u2019une des douze coordinatrices de parcours de Citad\u2019Elles.<\/p>\n<p>\u00ab\u00a0Sans arr\u00eat en hypervigilance\u00a0\u00bb<\/p>\n<p>La jeune femme explique \u00ab\u00a0avoir besoin de remettre les cases \u00e0 leur place, psychologiquement et juridiquement, pour avoir des billes pour avancer\u00a0\u00bb. Elle a rompu avec son compagnon, en juin 2024, apr\u00e8s une \u00ab\u00a0bousculade\u00a0\u00bb qui lui a valu 15 jours d\u2019ITT. Avant \u00e7a, il y avait eu une relation de dix ans marqu\u00e9e par des violences psychologiques. Elle se revoit, \u00ab\u00a0sans arr\u00eat en hypervigilance, toujours \u00e0 se contorsionner pour faire face aux humeurs de monsieur\u00a0\u00bb. M\u00eame si elle dit commencer \u00e0 prendre du recul, \u00ab\u00a0c\u2019est toujours assez frais. Je suis encore sous son emprise. J\u2019ai failli retourner aupr\u00e8s de lui, il y a deux semaines\u2026\u00a0\u00bb.<\/p>\n<p>2,3 M\u20ac de fonctionnement<\/p>\n<p>Sous l\u2019impulsion de Johanna Rolland, \u00e9lue maire de Nantes en 2014, des groupes de travail ont planch\u00e9 sur un \u00ab\u00a0centre id\u00e9al\u00a0\u00bb. Ses contours\u00a0? Un lieu ouvert 24\u00a0h\/24 et sept jours sur sept, \u00e0 la fois s\u00e9curis\u00e9 et accessible pour les victimes, qui permette la confidentialit\u00e9, qui soit sp\u00e9cifiquement am\u00e9nag\u00e9, pluridisciplinaire, et qui prenne en charge les femmes, mais aussi leurs enfants. Depuis cinq ans, Citad\u2019Elles, service de la Ville de Nantes, coche toutes ces cases, avec un budget de fonctionnement de 2,3 millions d\u2019euros. La municipalit\u00e9 reste financeuse majoritaire en abondant plus d\u2019un million d\u2019euros. \u00ab\u00a0Ensuite, il y a la m\u00e9tropole (500\u00a0000 euros), le d\u00e9partement et l\u2019\u00c9tat (200\u00a0000 euros chacun), arriv\u00e9 en 2021, puis la Caf et l\u2019ARS\u00a0\u00bb, d\u00e9taille Caroline Godard, sa directrice.<\/p>\n<p>Trois appartements, sous secret d\u2019adresse<\/p>\n<p>La dur\u00e9e moyenne des s\u00e9jours au sein de Citad\u2019Elles est de sept nuit\u00e9es. Parmi les 80\u00a0% de femmes qui viennent pour des violences conjugales, certaines requi\u00e8rent, en raison d\u2019un danger grave et imm\u00e9diat, une mise en s\u00e9curit\u00e9. Elle prend alors la forme de trois appartements, sous secret d\u2019adresse. \u00ab\u00a0Nous avons aussi ouvert une maison temporaire qui permet \u00e0 trois femmes de vivre en colocation pendant un an maximum, en attendant un h\u00e9bergement plus p\u00e9renne. Le logement, c\u2019est le levier. Or, aujourd\u2019hui, le contingent pr\u00e9fectoral, c\u2019est huit \u00e0 dix mois d\u2019attente.\u00a0\u00bb<\/p>\n<p>Mettre des b\u00e2tons dans les roues du syst\u00e8me prostitutionnel<\/p>\n<p>La cl\u00e9, moins visible, de Citad\u2019elles, c\u2019est le volet accompagnement. Il a \u00e9t\u00e9 renforc\u00e9 \u00ab\u00a0car les femmes ont besoin de rencontrer les coordinatrices de parcours de fa\u00e7on r\u00e9guli\u00e8re\u00a0\u00bb. Citad\u2019Elles cumule plusieurs fonctions sp\u00e9cialis\u00e9es. L\u2019assistance socio-\u00e9ducative assure un soutien \u00e0 la parentalit\u00e9. Un psychiatre fait des \u00e9valuations, \u00e9vite les ruptures de soins et fait des r\u00e9unions avec l\u2019\u00e9quipe. Un poste de charg\u00e9e de projet \u00ab\u00a0acc\u00e8s au droit h\u00e9bergement logement et droits des \u00e9trang\u00e8res\u00a0\u00bb a \u00e9t\u00e9 cr\u00e9\u00e9, en janvier 2022, pour mettre des b\u00e2tons dans les roues du syst\u00e8me prostitutionnel. Enfin, une sage-femme travaille sur la sant\u00e9 globale, mais aussi sexuelle, des femmes.<\/p>\n<p>\u00ab\u00a0Nous laissons la porte ouverte\u00a0\u00bb<\/p>\n<p>Citad\u2019Elles a f\u00eat\u00e9 son cinqui\u00e8me anniversaire et voit se dessiner des premiers parcours de reconstruction. L\u2019\u00e9quipe se garde de tout satisfecit. \u00ab\u00a0\u00c0 force d\u2019accompagner des femmes, on pourrait avoir tendance \u00e0 surinterpr\u00e9ter. Il faut se garder de cela. Le but n\u2019est surtout pas de recr\u00e9er une emprise. Il faut aller au rythme de la femme\u00a0\u00bb, indique Marie, coordinatrice de parcours. Caroline Godard abonde\u00a0: \u00ab\u00a0Certaines sont venues en 2020, puis en 2022 et ce n\u2019est qu\u2019en 2024 qu\u2019elles ont amorc\u00e9 leur parcours. Nous laissons la porte ouverte. La temporalit\u00e9 des femmes, ce n\u2019est pas celle des professionnels\u00a0\u00bb.<\/p>\n","protected":false},"excerpt":{"rendered":"Les agents de s\u00e9curit\u00e9, pr\u00e9sents 24\u00a0h\/24 et sept jours sur sept, ont accompagn\u00e9 Julie (*) jusqu\u2019\u00e0 l\u2019ascenseur. La&hellip;\n","protected":false},"author":2,"featured_media":157474,"comment_status":"","ping_status":"","sticky":false,"template":"","format":"standard","meta":{"footnotes":""},"categories":[2818],"tags":[1111,11,829,765,1777,674,3555,1011,27,3047,766,12,2636,25,798],"class_list":{"0":"post-157473","1":"post","2":"type-post","3":"status-publish","4":"format-standard","5":"has-post-thumbnail","7":"category-nantes","8":"tag-actu","9":"tag-actualites","10":"tag-bretagne","11":"tag-en-continu","12":"tag-eu","13":"tag-europe","14":"tag-feminicide","15":"tag-fr","16":"tag-france","17":"tag-loire-atlantique","18":"tag-nantes","19":"tag-news","20":"tag-pays-de-la-loire","21":"tag-republique-francaise","22":"tag-violences-conjugales"},"share_on_mastodon":{"url":"https:\/\/pubeurope.com\/@fr\/114638554633188531","error":""},"_links":{"self":[{"href":"https:\/\/www.europesays.com\/fr\/wp-json\/wp\/v2\/posts\/157473","targetHints":{"allow":["GET"]}}],"collection":[{"href":"https:\/\/www.europesays.com\/fr\/wp-json\/wp\/v2\/posts"}],"about":[{"href":"https:\/\/www.europesays.com\/fr\/wp-json\/wp\/v2\/types\/post"}],"author":[{"embeddable":true,"href":"https:\/\/www.europesays.com\/fr\/wp-json\/wp\/v2\/users\/2"}],"replies":[{"embeddable":true,"href":"https:\/\/www.europesays.com\/fr\/wp-json\/wp\/v2\/comments?post=157473"}],"version-history":[{"count":0,"href":"https:\/\/www.europesays.com\/fr\/wp-json\/wp\/v2\/posts\/157473\/revisions"}],"wp:featuredmedia":[{"embeddable":true,"href":"https:\/\/www.europesays.com\/fr\/wp-json\/wp\/v2\/media\/157474"}],"wp:attachment":[{"href":"https:\/\/www.europesays.com\/fr\/wp-json\/wp\/v2\/media?parent=157473"}],"wp:term":[{"taxonomy":"category","embeddable":true,"href":"https:\/\/www.europesays.com\/fr\/wp-json\/wp\/v2\/categories?post=157473"},{"taxonomy":"post_tag","embeddable":true,"href":"https:\/\/www.europesays.com\/fr\/wp-json\/wp\/v2\/tags?post=157473"}],"curies":[{"name":"wp","href":"https:\/\/api.w.org\/{rel}","templated":true}]}}