{"id":157491,"date":"2025-06-06T21:39:12","date_gmt":"2025-06-06T21:39:12","guid":{"rendered":"https:\/\/www.europesays.com\/fr\/157491\/"},"modified":"2025-06-06T21:39:12","modified_gmt":"2025-06-06T21:39:12","slug":"varvara-gracheva-conserve-son-titre-a-marseille","status":"publish","type":"post","link":"https:\/\/www.europesays.com\/fr\/157491\/","title":{"rendered":"Varvara Gracheva conserve son titre \u00e0 Marseille"},"content":{"rendered":"<p>Sacr\u00e9e pour la deuxi\u00e8me ann\u00e9e cons\u00e9cutive, au prix d&rsquo;un rude combat. <a href=\"https:\/\/www.laprovence.com\/article\/sports\/41162145941285\/tennis-open-feminin-de-marseille-varvara-gracheva-remet-son-titre-en-jeu\" target=\"_blank\" rel=\"noopener\">Varvara Gracheva<\/a> a connu plus de r\u00e9sistance ce vendredi que lors de la finale de l&rsquo;an pass\u00e9, facilement remport\u00e9e face \u00e0 la Ciotadenne Emma L\u00e9n\u00e9 (6-2, 6-1). Cette fois, la Franco-Russe, entr\u00e9e en lice lors des demi-finales, s&rsquo;est impos\u00e9e en trois sets (5-7, 7-5, 6-3) et d\u00e9croche un deuxi\u00e8me titre cons\u00e9cutif. \u00ab\u00a0C&rsquo;est un tr\u00e8s beau sentiment de d\u00e9fendre un titre, c&rsquo;\u00e9tait un bel objectif \u00e0 atteindre\u00a0\u00bb, confie-t-elle. \u00ab\u00a0J&rsquo;ai perdu le premier set, et c&rsquo;\u00e9tait m\u00e9rit\u00e9. J&rsquo;ai vraiment mal g\u00e9r\u00e9 la situation.\u00a0\u00bb<\/p>\n<p>Gracheva menait 4-0 avant de se faire renverser. \u00ab\u00a0Elle s&rsquo;est montr\u00e9e plus engag\u00e9e que moi, elle n&rsquo;a pas commis les fautes que j&rsquo;ai pu lui offrir et a parfaitement su g\u00e9rer les diff\u00e9rentes occasions\u00a0\u00bb, reconna\u00eet-elle lucidement. Au fil des \u00e9changes, l&rsquo;ancienne num\u00e9ro\u00a01 fran\u00e7aise retrouve ses rep\u00e8res et impose progressivement son jeu, donnant lieu \u00e0 des points d&rsquo;une grande intensit\u00e9. \u00ab\u00a0C&rsquo;\u00e9tait du tennis, mais aussi une vraie bagarre. J&rsquo;ai mieux g\u00e9r\u00e9 au fur et \u00e0 mesure, puis je me suis rel\u00e2ch\u00e9e mentalement et \u00e7a allait mieux. Quand un match dure aussi longtemps (2h52&prime;), il faut trouver le bon rythme, ma\u00eetriser ses \u00e9motions et garder le bon \u00e9tat d&rsquo;esprit pour aller chercher la victoire.\u00a0\u00bb<\/p>\n<p>Elle repart donc avec le troph\u00e9e en main, symbole du travail qu&rsquo;elle effectue avec son nouveau coach Maxime Tchoutakian\u00a0: \u00ab\u00a0Elle a perdu environ 6 mois avant de pouvoir rebondir. Elle est repartie sur une page neuve\u00a0: nouvel entra\u00eeneur, nouveau staff et nouveau coach physique. Il y a eu le temps de l&rsquo;adaptation et maintenant on essaie de reconstruire. Elle travaille dur, elle travaille bien et il n&rsquo;y a pas de raison que cela ne paie pas\u00a0\u00bb.<strong\/><\/p>\n<p>Yelysabeth Kotliar a beaucoup appris<\/p>\n<p>Yelysabeth Kotilar (N.37) ne peut rien se reprocher, ne c\u00e9dant que sur quelques petits d\u00e9tails. \u00ab\u00a0Dans les moments cl\u00e9, elle a montr\u00e9 qu&rsquo;elle avait un peu plus d&rsquo;exp\u00e9rience\u00a0\u00bb, reconna\u00eet-elle, lucide. Si la d\u00e9faite est difficile \u00e0 encaisser, elle ne masque pas les progr\u00e8s r\u00e9alis\u00e9s. Kotilar est parvenue \u00e0 hausser son niveau de jeu tout au long du tournoi. Revenant dans le premier set apr\u00e8s un d\u00e9part compliqu\u00e9, elle a su s&rsquo;adapter \u00e0 la cadence impos\u00e9e.<\/p>\n<p>\u00ab\u00a0Elle jouait plus vite que mes pr\u00e9c\u00e9dentes adversaires, j&rsquo;ai d\u00fb chercher les bonnes solutions, point par point&#8230; On \u00e9tait tr\u00e8s proches \u00e0 chaque jeu, il fallait souvent aller jusqu&rsquo;\u00e0 l&rsquo;avantage. Et dans ces moments-l\u00e0, elle a \u00e9t\u00e9 plus solide, elle a pris de meilleures d\u00e9cisions parfois. Mais j&rsquo;ai vu le niveau qu&rsquo;il faut atteindre, j&rsquo;ai compris mes erreurs, je sais ce que je dois am\u00e9liorer, et c&rsquo;est le plus important.\u00a0\u00bb<\/p>\n<p>C&rsquo;\u00e9tait la septi\u00e8me fois dans sa jeune carri\u00e8re que l&rsquo;Ukrainienne affrontait une joueuse class\u00e9e dans le top 100 mondial.<\/p>\n","protected":false},"excerpt":{"rendered":"Sacr\u00e9e pour la deuxi\u00e8me ann\u00e9e cons\u00e9cutive, au prix d&rsquo;un rude combat. Varvara Gracheva a connu plus de r\u00e9sistance&hellip;\n","protected":false},"author":2,"featured_media":157492,"comment_status":"","ping_status":"","sticky":false,"template":"","format":"standard","meta":{"footnotes":""},"categories":[2814],"tags":[17,1111,11,28847,1777,674,1011,27,28846,884,12,882,25,3711,60,1467,11933,28845],"class_list":{"0":"post-157491","1":"post","2":"type-post","3":"status-publish","4":"format-standard","5":"has-post-thumbnail","7":"category-marseille","8":"tag-17","9":"tag-actu","10":"tag-actualites","11":"tag-conserve","12":"tag-eu","13":"tag-europe","14":"tag-fr","15":"tag-france","16":"tag-gracheva","17":"tag-marseille","18":"tag-news","19":"tag-provence-alpes-cote-dazur","20":"tag-republique-francaise","21":"tag-son","22":"tag-sports","23":"tag-tennis","24":"tag-titre","25":"tag-varvara"},"share_on_mastodon":{"url":"https:\/\/pubeurope.com\/@fr\/114638590105199080","error":""},"_links":{"self":[{"href":"https:\/\/www.europesays.com\/fr\/wp-json\/wp\/v2\/posts\/157491","targetHints":{"allow":["GET"]}}],"collection":[{"href":"https:\/\/www.europesays.com\/fr\/wp-json\/wp\/v2\/posts"}],"about":[{"href":"https:\/\/www.europesays.com\/fr\/wp-json\/wp\/v2\/types\/post"}],"author":[{"embeddable":true,"href":"https:\/\/www.europesays.com\/fr\/wp-json\/wp\/v2\/users\/2"}],"replies":[{"embeddable":true,"href":"https:\/\/www.europesays.com\/fr\/wp-json\/wp\/v2\/comments?post=157491"}],"version-history":[{"count":0,"href":"https:\/\/www.europesays.com\/fr\/wp-json\/wp\/v2\/posts\/157491\/revisions"}],"wp:featuredmedia":[{"embeddable":true,"href":"https:\/\/www.europesays.com\/fr\/wp-json\/wp\/v2\/media\/157492"}],"wp:attachment":[{"href":"https:\/\/www.europesays.com\/fr\/wp-json\/wp\/v2\/media?parent=157491"}],"wp:term":[{"taxonomy":"category","embeddable":true,"href":"https:\/\/www.europesays.com\/fr\/wp-json\/wp\/v2\/categories?post=157491"},{"taxonomy":"post_tag","embeddable":true,"href":"https:\/\/www.europesays.com\/fr\/wp-json\/wp\/v2\/tags?post=157491"}],"curies":[{"name":"wp","href":"https:\/\/api.w.org\/{rel}","templated":true}]}}