{"id":157493,"date":"2025-06-06T21:40:12","date_gmt":"2025-06-06T21:40:12","guid":{"rendered":"https:\/\/www.europesays.com\/fr\/157493\/"},"modified":"2025-06-06T21:40:12","modified_gmt":"2025-06-06T21:40:12","slug":"lyon-un-orage-violent-sabat-en-plein-concert-aux-nuits-de-fourviere-lexperience-vire-au-calvaire","status":"publish","type":"post","link":"https:\/\/www.europesays.com\/fr\/157493\/","title":{"rendered":"Lyon. Un orage violent s&rsquo;abat en plein concert aux Nuits de Fourvi\u00e8re, l&rsquo;exp\u00e9rience vire \u00ab\u00a0au calvaire\u00a0\u00bb"},"content":{"rendered":"<p>            Par<br \/>\n        <strong><br \/>\n            <a href=\"https:\/\/actu.fr\/auteur\/redaction-lyon\" title=\"Consulter tous les articles de R\u00e9daction Lyon\" target=\"_blank\" rel=\"noopener\">R\u00e9daction Lyon<\/a><br \/>\n        <\/strong><\/p>\n<p>        Publi\u00e9 le<\/p>\n<p>            6 juin 2025 \u00e0 18h11        <\/p>\n<p>Le 3 juin dernier, un <a href=\"https:\/\/actu.fr\/meteo\/le-rhone-en-alerte-orange-des-chutes-de-grele-et-orages-violents-annonces-dans-ces-secteurs_62719884.html\" target=\"_blank\" rel=\"noopener\">violent orage a touch\u00e9 la m\u00e9tropole de Lyon<\/a>, le d\u00e9partement \u00e9tait d\u2019ailleurs plac\u00e9 en vigilance orange par les services de M\u00e9t\u00e9o France. Un orage qui a aussi perturb\u00e9 un concert des <a href=\"https:\/\/actu.fr\/auvergne-rhone-alpes\/lyon_69123\/lyon-c-etait-quoi-cette-file-d-attente-gigantesque-qui-s-est-formee-ce-mercredi_62396509.html\" target=\"_blank\" rel=\"noopener\">Nuits de Fourvi\u00e8re<\/a> dans l\u2019amphith\u00e9\u00e2tre historique du 5e arrondissement, m\u00eame s\u2019il a eu lieu. Mais l\u2019attente avant le spectacle a \u00e9t\u00e9 <strong>tr\u00e8s agit\u00e9e<\/strong>.\u00a0<\/p>\n<p>Des trombes d\u2019eau sur le public du concert<\/p>\n<p class=\" wall-content\">L\u2019influenceur actif sur Instagram \u00ab\u00a0monchatetmoi\u00a0\u00bb a film\u00e9 son exp\u00e9rience pour le moins insolite. \u00ab\u00a0La sortie en famille tourne au calvaire\u00a0\u00bb, s\u2019amuse le jeune homme dans sa vid\u00e9o vue pr\u00e8s de 400 000 fois. Sur les images, on voit le public assis dans l\u2019amphith\u00e9\u00e2tre une heure avant le d\u00e9but du spectacle Hofesh Shechtere.<\/p>\n<p class=\" wall-content\">Rapidement, la pluie commence \u00e0 tomber sur les spectateurs qui enfilent tous des v\u00eatements de pluie en plastique. \u00ab\u00a0\u00c7a sort les sacs poubelles\u00a0\u00bb, rigole le vid\u00e9aste en filmant les centaines de personnes sous des v\u00eatements improvis\u00e9s pour <strong>\u00e9chapper \u00e0 l\u2019eau<\/strong>.\u00a0<\/p>\n<p class=\" wall-content\"><a href=\"https:\/\/www.instagram.com\/monchatetmoi\/reel\/DKbqfnUNTYy\/embed\" title=\"Ouvrir le lien sur Instagram\" target=\"_blank\" rel=\"noopener\">Visualiser le contenu sur Instagram<\/a><\/p>\n<p>Certains renoncent, le spectacle a bien eu lieu<\/p>\n<p class=\" wall-content\">La pluie est <strong>de plus en plus intense<\/strong> \u00e0 tel point que plusieurs centim\u00e8tres d\u2019eau s\u2019accumulent sur les gradins en dessous des fesses des spectateurs. Une heure apr\u00e8s avoir attendu sous une pluie diluvienne, on annonce que \u00ab\u00a0le spectacle va pouvoir avoir lieu\u00a0\u00bb.\u00a0<\/p>\n<p>Vid\u00e9os : en ce moment sur Actu<\/p>\n<p class=\" wall-content\">Malgr\u00e9 l\u2019exp\u00e9rience \u00ab\u00a0insolite\u00a0\u00bb, le cr\u00e9ateur de vid\u00e9os a trouv\u00e9 le concert super sympa. Des orages ou de la pluie frappant les Nuits de Fourvi\u00e8re, qui ont toujours lieu \u00e0 la fin du printemps jusqu\u2019au d\u00e9but de l\u2019\u00e9t\u00e9, sont r\u00e9guliers. Les organisateurs tentent toujours de maintenir les \u00e9v\u00e9nements malgr\u00e9 la m\u00e9t\u00e9o.\u00a0<\/p>\n<p class=\" wall-content\">Mais l\u2019ann\u00e9e derni\u00e8re, la chanteuse Cat Power, qui se produisait au festival des Nuits de Fourvi\u00e8re, avait <a href=\"https:\/\/actu.fr\/auvergne-rhone-alpes\/lyon_69123\/lyon-une-chanteuse-a-peur-des-orages-elle-annule-son-concert-en-catastrophe_61345029.html\" target=\"_blank\" rel=\"noopener\">arr\u00eat\u00e9 son concert au bout de quelques minutes \u00e0 cause des violents orages<\/a>. L\u2019artiste \u00e9tait <strong>phobique<\/strong> des orages.<\/p>\n<p class=\" wall-content\">Suivez toute l\u2019actualit\u00e9 de vos villes et m\u00e9dias favoris en vous inscrivant \u00e0 <a href=\"https:\/\/moncompte.actu.fr\" title=\"D\u00e9couvez Mon Actu\" rel=\"nofollow noopener\" data-trk=\"{&quot;cta&quot;:{&quot;action&quot;:&quot;https:\\\/\\\/moncompte.actu.fr&quot;,&quot;category&quot;:&quot;mon compte&quot;,&quot;from&quot;:&quot;article footer&quot;,&quot;name&quot;:&quot;Mon actu&quot;,&quot;type&quot;:&quot;cta&quot;}}\" target=\"_blank\">Mon Actu<\/a>.<\/p>\n<ul class=\"ac-article-tag wall-content\">\n<li><a href=\"https:\/\/actu.fr\/tag\/nuits-de-fourviere\" data-trk=\"{&quot;cta&quot;:{&quot;action&quot;:&quot;Nuits de Fourvi\\u00e8re&quot;,&quot;category&quot;:&quot;tag&quot;,&quot;from&quot;:&quot;article footer&quot;,&quot;name&quot;:&quot;Nuits de Fourvi\\u00e8re&quot;,&quot;type&quot;:&quot;cta&quot;}}\" target=\"_blank\" rel=\"noopener\">#Nuits de Fourvi\u00e8re<\/a><\/li>\n<li><a href=\"https:\/\/actu.fr\/tag\/orages\" data-trk=\"{&quot;cta&quot;:{&quot;action&quot;:&quot;Orages&quot;,&quot;category&quot;:&quot;tag&quot;,&quot;from&quot;:&quot;article footer&quot;,&quot;name&quot;:&quot;Orages&quot;,&quot;type&quot;:&quot;cta&quot;}}\" target=\"_blank\" rel=\"noopener\">#Orages<\/a><\/li>\n<\/ul>\n<p>                    <script async src=\"\/\/www.instagram.com\/embed.js\"><\/script><\/p>\n","protected":false},"excerpt":{"rendered":"Par R\u00e9daction Lyon Publi\u00e9 le 6 juin 2025 \u00e0 18h11 Le 3 juin dernier, un violent orage a&hellip;\n","protected":false},"author":2,"featured_media":157494,"comment_status":"","ping_status":"","sticky":false,"template":"","format":"standard","meta":{"footnotes":""},"categories":[1889],"tags":[1111,11,2430,1777,674,1011,27,2428,2487,12,28848,4594,25],"class_list":{"0":"post-157493","1":"post","2":"type-post","3":"status-publish","4":"format-standard","5":"has-post-thumbnail","7":"category-lyon","8":"tag-actu","9":"tag-actualites","10":"tag-auvergne-rhone-alpes","11":"tag-eu","12":"tag-europe","13":"tag-fr","14":"tag-france","15":"tag-lyon","16":"tag-meteo","17":"tag-news","18":"tag-nuits-de-fourviere","19":"tag-orages","20":"tag-republique-francaise"},"share_on_mastodon":{"url":"https:\/\/pubeurope.com\/@fr\/114638594134744510","error":""},"_links":{"self":[{"href":"https:\/\/www.europesays.com\/fr\/wp-json\/wp\/v2\/posts\/157493","targetHints":{"allow":["GET"]}}],"collection":[{"href":"https:\/\/www.europesays.com\/fr\/wp-json\/wp\/v2\/posts"}],"about":[{"href":"https:\/\/www.europesays.com\/fr\/wp-json\/wp\/v2\/types\/post"}],"author":[{"embeddable":true,"href":"https:\/\/www.europesays.com\/fr\/wp-json\/wp\/v2\/users\/2"}],"replies":[{"embeddable":true,"href":"https:\/\/www.europesays.com\/fr\/wp-json\/wp\/v2\/comments?post=157493"}],"version-history":[{"count":0,"href":"https:\/\/www.europesays.com\/fr\/wp-json\/wp\/v2\/posts\/157493\/revisions"}],"wp:featuredmedia":[{"embeddable":true,"href":"https:\/\/www.europesays.com\/fr\/wp-json\/wp\/v2\/media\/157494"}],"wp:attachment":[{"href":"https:\/\/www.europesays.com\/fr\/wp-json\/wp\/v2\/media?parent=157493"}],"wp:term":[{"taxonomy":"category","embeddable":true,"href":"https:\/\/www.europesays.com\/fr\/wp-json\/wp\/v2\/categories?post=157493"},{"taxonomy":"post_tag","embeddable":true,"href":"https:\/\/www.europesays.com\/fr\/wp-json\/wp\/v2\/tags?post=157493"}],"curies":[{"name":"wp","href":"https:\/\/api.w.org\/{rel}","templated":true}]}}