{"id":157499,"date":"2025-06-06T21:43:08","date_gmt":"2025-06-06T21:43:08","guid":{"rendered":"https:\/\/www.europesays.com\/fr\/157499\/"},"modified":"2025-06-06T21:43:08","modified_gmt":"2025-06-06T21:43:08","slug":"800-pretres-dile-de-france-en-jubile-a-notre-dame-de-paris-ktotv","status":"publish","type":"post","link":"https:\/\/www.europesays.com\/fr\/157499\/","title":{"rendered":"800 pr\u00eatres d\u2019\u00cele-de-France en jubil\u00e9 \u00e0 Notre-Dame de Paris \u2014 KTOTV"},"content":{"rendered":"<p>Ce jeudi 5 juin 2025, pr\u00e8s de 800 pr\u00eatres venus des huit dioc\u00e8ses d\u2019Ile-de-France ont v\u00e9cu leur jubil\u00e9 \u00e0 Notre-Dame de Paris.  A l\u2019invitation des \u00e9v\u00eaques de la province eccl\u00e9siastique de Paris, ils se sont d\u2019abord retrouv\u00e9s dans diff\u00e9rentes villes d\u2019\u00cele-de-France pour prier ensemble et \u00e9changer autour du d\u00e9cret conciliaire Presbyterorum Ordinis sur le minist\u00e8re et la vie des pr\u00eatres, promulgu\u00e9 par le pape Paul VI il y a 60 ans. Lors de la messe en la cath\u00e9drale Notre-Dame de Paris, un message du pape L\u00e9on XIV, adress\u00e9 aux \u00e9v\u00eaques et pr\u00eatres d\u2019\u00cele-de-France a \u00e9t\u00e9 lu, les encourageant dans leur minist\u00e8re.<\/p>\n","protected":false},"excerpt":{"rendered":"Ce jeudi 5 juin 2025, pr\u00e8s de 800 pr\u00eatres venus des huit dioc\u00e8ses d\u2019Ile-de-France ont v\u00e9cu leur jubil\u00e9&hellip;\n","protected":false},"author":2,"featured_media":157500,"comment_status":"","ping_status":"","sticky":false,"template":"","format":"standard","meta":{"footnotes":""},"categories":[1592],"tags":[28849,1111,11,1777,674,1011,27,662,23780,12,626,25,23781],"class_list":{"0":"post-157499","1":"post","2":"type-post","3":"status-publish","4":"format-standard","5":"has-post-thumbnail","7":"category-ile-de-france","8":"tag-800-pretres-dile-de-france-en-jubile-a-notre-dame-de-paris","9":"tag-actu","10":"tag-actualites","11":"tag-eu","12":"tag-europe","13":"tag-fr","14":"tag-france","15":"tag-ile-de-france","16":"tag-kto","17":"tag-news","18":"tag-paris","19":"tag-republique-francaise","20":"tag-television-catholique"},"share_on_mastodon":{"url":"https:\/\/pubeurope.com\/@fr\/114638605830013127","error":""},"_links":{"self":[{"href":"https:\/\/www.europesays.com\/fr\/wp-json\/wp\/v2\/posts\/157499","targetHints":{"allow":["GET"]}}],"collection":[{"href":"https:\/\/www.europesays.com\/fr\/wp-json\/wp\/v2\/posts"}],"about":[{"href":"https:\/\/www.europesays.com\/fr\/wp-json\/wp\/v2\/types\/post"}],"author":[{"embeddable":true,"href":"https:\/\/www.europesays.com\/fr\/wp-json\/wp\/v2\/users\/2"}],"replies":[{"embeddable":true,"href":"https:\/\/www.europesays.com\/fr\/wp-json\/wp\/v2\/comments?post=157499"}],"version-history":[{"count":0,"href":"https:\/\/www.europesays.com\/fr\/wp-json\/wp\/v2\/posts\/157499\/revisions"}],"wp:featuredmedia":[{"embeddable":true,"href":"https:\/\/www.europesays.com\/fr\/wp-json\/wp\/v2\/media\/157500"}],"wp:attachment":[{"href":"https:\/\/www.europesays.com\/fr\/wp-json\/wp\/v2\/media?parent=157499"}],"wp:term":[{"taxonomy":"category","embeddable":true,"href":"https:\/\/www.europesays.com\/fr\/wp-json\/wp\/v2\/categories?post=157499"},{"taxonomy":"post_tag","embeddable":true,"href":"https:\/\/www.europesays.com\/fr\/wp-json\/wp\/v2\/tags?post=157499"}],"curies":[{"name":"wp","href":"https:\/\/api.w.org\/{rel}","templated":true}]}}