{"id":157501,"date":"2025-06-06T21:44:16","date_gmt":"2025-06-06T21:44:16","guid":{"rendered":"https:\/\/www.europesays.com\/fr\/157501\/"},"modified":"2025-06-06T21:44:16","modified_gmt":"2025-06-06T21:44:16","slug":"le-stade-francais-sans-macalou-pour-le-match-de-la-peur","status":"publish","type":"post","link":"https:\/\/www.europesays.com\/fr\/157501\/","title":{"rendered":"le Stade Fran\u00e7ais sans Macalou pour le match de la peur"},"content":{"rendered":"<p>Tout a \u00e9t\u00e9 tent\u00e9 pour qu\u2019il joue. Mais, touch\u00e9 \u00e0 la cheville samedi dernier, le troisi\u00e8me-ligne est bien forfait pour la r\u00e9ception de Castres.<\/p>\n<p class=\"fig-paragraph\">Alors que le Stade Fran\u00e7ais s\u2019appr\u00eate \u00e0 disputer le match de la survie samedi soir \u00e0 Jean-Bouin contre Castres, tout a \u00e9t\u00e9 tent\u00e9 pour compter sur Sekou Macalou, touch\u00e9 \u00e0 la cheville samedi dernier contre Clermont. Il\u00a0<a href=\"http:\/\/www.lefigaro.fr\/sports\/rugby\/top-14\/top-14-blesse-sekou-macalou-ratera-le-dernier-match-decisif-du-stade-francais-20250603\" data-fig-type=\"NewsFlash\" data-gtm-custom-categorie=\"navigation\" data-gtm-custom-action=\"crossclick\" data-gtm-custom-label=\"Contextuel\" data-gtm-event=\"customEventSPE\" data-fig-domain=\"LEFIGARO\" target=\"_blank\" rel=\"noopener\">\u00a0avait annonc\u00e9 son forfait sur Instagram<\/a>\u00a0en milieu de semaine\u00a0: \u00abfin de saison pour moi\u2026\u00bb<\/p>\n<p class=\"fig-paragraph\">Dans un premier temps, le site du club parisien avait annonc\u00e9 que le troisi\u00e8me-ligne, d\u00e9tonateur des Soldats roses cette saison (9 essais inscrits, meilleur marqueur du SFP cette saison en Top 14), tiendrait finalement sa place en num\u00e9ro 8. Avant de se r\u00e9soudre \u00e0 l\u2019\u00e9vidence et de titulariser Hirigoyen au centre de la troisi\u00e8me ligne.<\/p>\n<p class=\"fig-paragraph\">Derri\u00e8re, Julien Delbouis et Jeremy Ward composent la paire de centres, L\u00e9o Barr\u00e9 d\u00e9butant \u00e0 l\u2019arri\u00e8re.<\/p>\n","protected":false},"excerpt":{"rendered":"Tout a \u00e9t\u00e9 tent\u00e9 pour qu\u2019il joue. Mais, touch\u00e9 \u00e0 la cheville samedi dernier, le troisi\u00e8me-ligne est bien&hellip;\n","protected":false},"author":2,"featured_media":157502,"comment_status":"","ping_status":"","sticky":false,"template":"","format":"standard","meta":{"footnotes":""},"categories":[1888],"tags":[1111,1928,11,1927,525,4590,1981,2313,814,1777,674,1011,27,955,12,1926,626,1925,4589,2311,25,1980,479,2259,19814,2558,478,2310,2312],"class_list":{"0":"post-157501","1":"post","2":"type-post","3":"status-publish","4":"format-standard","5":"has-post-thumbnail","7":"category-paris","8":"tag-actu","9":"tag-actu-paris","10":"tag-actualites","11":"tag-actualites-paris","12":"tag-calendrier","13":"tag-championnat-france","14":"tag-classement","15":"tag-clermont","16":"tag-direct","17":"tag-eu","18":"tag-europe","19":"tag-fr","20":"tag-france","21":"tag-match","22":"tag-news","23":"tag-news-paris","24":"tag-paris","25":"tag-paris-news","26":"tag-phase-finale","27":"tag-racing","28":"tag-republique-francaise","29":"tag-resultats","30":"tag-rugby","31":"tag-score","32":"tag-sekou-macalou","33":"tag-stade-francais","34":"tag-top-14","35":"tag-toulon","36":"tag-toulouse"},"share_on_mastodon":{"url":"https:\/\/pubeurope.com\/@fr\/114638609815541383","error":""},"_links":{"self":[{"href":"https:\/\/www.europesays.com\/fr\/wp-json\/wp\/v2\/posts\/157501","targetHints":{"allow":["GET"]}}],"collection":[{"href":"https:\/\/www.europesays.com\/fr\/wp-json\/wp\/v2\/posts"}],"about":[{"href":"https:\/\/www.europesays.com\/fr\/wp-json\/wp\/v2\/types\/post"}],"author":[{"embeddable":true,"href":"https:\/\/www.europesays.com\/fr\/wp-json\/wp\/v2\/users\/2"}],"replies":[{"embeddable":true,"href":"https:\/\/www.europesays.com\/fr\/wp-json\/wp\/v2\/comments?post=157501"}],"version-history":[{"count":0,"href":"https:\/\/www.europesays.com\/fr\/wp-json\/wp\/v2\/posts\/157501\/revisions"}],"wp:featuredmedia":[{"embeddable":true,"href":"https:\/\/www.europesays.com\/fr\/wp-json\/wp\/v2\/media\/157502"}],"wp:attachment":[{"href":"https:\/\/www.europesays.com\/fr\/wp-json\/wp\/v2\/media?parent=157501"}],"wp:term":[{"taxonomy":"category","embeddable":true,"href":"https:\/\/www.europesays.com\/fr\/wp-json\/wp\/v2\/categories?post=157501"},{"taxonomy":"post_tag","embeddable":true,"href":"https:\/\/www.europesays.com\/fr\/wp-json\/wp\/v2\/tags?post=157501"}],"curies":[{"name":"wp","href":"https:\/\/api.w.org\/{rel}","templated":true}]}}