{"id":157503,"date":"2025-06-06T21:45:16","date_gmt":"2025-06-06T21:45:16","guid":{"rendered":"https:\/\/www.europesays.com\/fr\/157503\/"},"modified":"2025-06-06T21:45:16","modified_gmt":"2025-06-06T21:45:16","slug":"retour-de-flamme-la-vasque-olympique-revient-a-paris-journal-de-20-heures","status":"publish","type":"post","link":"https:\/\/www.europesays.com\/fr\/157503\/","title":{"rendered":"Retour de flamme ! La vasque olympique revient \u00e0 Paris &#8211; Journal de 20 heures"},"content":{"rendered":"<p id=\"descriptionPanel\" aria-labelledby=\"descriptionArrow\" aria-expanded=\"false\" class=\"mr-2 line-clamp-2 pr-2.5 text-secondary overflow-visible\">Elle a illumin\u00e9 notre \u00e9t\u00e9 l&rsquo;an dernier sur fond de fr\u00e9n\u00e9sie olympique. Dans deux semaines, le 21 juin 2025, la vasque fera son grand retour dans la capitale, au c\u0153ur du jardin des Tuileries. L\u00e0 o\u00f9 se rassemblaient Parisiens et touristes pour guetter chaque soir son envol dans le ciel de Paris. Pour faire revivre cette magie chaque \u00e9t\u00e9 jusqu&rsquo;en 2028, les Fran\u00e7ais ne paieront rien. C&rsquo;est EDF et les recettes de Paris 2024 qui couvriront la facture, dix millions d&rsquo;euros \u00e9tal\u00e9s sur trois ans.<\/p>\n<p>TF1 | Reportage D. DE ARAUJO, S. IORGULESCU, J. BEAUCAMP<\/p>\n<p><a class=\"shrink-0\" href=\"https:\/\/www.tf1.fr\/tf1\/jt-20h\" target=\"_blank\" rel=\"noopener\"><img decoding=\"async\" src=\"https:\/\/www.europesays.com\/fr\/wp-content\/uploads\/2025\/04\/program-card-portrait-1-jt20h-btcb-f6f521-4e55c9-0@1x.jpg\" width=\"138\" height=\"184\" alt=\"\" loading=\"eager\" fetchpriority=\"auto\" class=\"aspect-[3\/4] h-24 w-auto rounded-3px\" aria-hidden=\"true\"\/><\/a><\/p>\n","protected":false},"excerpt":{"rendered":"Elle a illumin\u00e9 notre \u00e9t\u00e9 l&rsquo;an dernier sur fond de fr\u00e9n\u00e9sie olympique. Dans deux semaines, le 21 juin&hellip;\n","protected":false},"author":2,"featured_media":157504,"comment_status":"","ping_status":"","sticky":false,"template":"","format":"standard","meta":{"footnotes":""},"categories":[1888],"tags":[1111,1928,11,1927,1777,674,3483,3697,1011,27,3699,3698,12,1926,626,1925,25,3701,3702,3700],"class_list":{"0":"post-157503","1":"post","2":"type-post","3":"status-publish","4":"format-standard","5":"has-post-thumbnail","7":"category-paris","8":"tag-actu","9":"tag-actu-paris","10":"tag-actualites","11":"tag-actualites-paris","12":"tag-eu","13":"tag-europe","14":"tag-extrait","15":"tag-extrait-journal-de-20-heures","16":"tag-fr","17":"tag-france","18":"tag-journal-de-20-heures","19":"tag-journal-de-20-heures-extrait","20":"tag-news","21":"tag-news-paris","22":"tag-paris","23":"tag-paris-news","24":"tag-republique-francaise","25":"tag-streaming-journal-de-20-heures","26":"tag-video-en-streaming-journal-de-20-heures","27":"tag-video-journal-de-20-heures"},"share_on_mastodon":{"url":"https:\/\/pubeurope.com\/@fr\/114638614048084026","error":""},"_links":{"self":[{"href":"https:\/\/www.europesays.com\/fr\/wp-json\/wp\/v2\/posts\/157503","targetHints":{"allow":["GET"]}}],"collection":[{"href":"https:\/\/www.europesays.com\/fr\/wp-json\/wp\/v2\/posts"}],"about":[{"href":"https:\/\/www.europesays.com\/fr\/wp-json\/wp\/v2\/types\/post"}],"author":[{"embeddable":true,"href":"https:\/\/www.europesays.com\/fr\/wp-json\/wp\/v2\/users\/2"}],"replies":[{"embeddable":true,"href":"https:\/\/www.europesays.com\/fr\/wp-json\/wp\/v2\/comments?post=157503"}],"version-history":[{"count":0,"href":"https:\/\/www.europesays.com\/fr\/wp-json\/wp\/v2\/posts\/157503\/revisions"}],"wp:featuredmedia":[{"embeddable":true,"href":"https:\/\/www.europesays.com\/fr\/wp-json\/wp\/v2\/media\/157504"}],"wp:attachment":[{"href":"https:\/\/www.europesays.com\/fr\/wp-json\/wp\/v2\/media?parent=157503"}],"wp:term":[{"taxonomy":"category","embeddable":true,"href":"https:\/\/www.europesays.com\/fr\/wp-json\/wp\/v2\/categories?post=157503"},{"taxonomy":"post_tag","embeddable":true,"href":"https:\/\/www.europesays.com\/fr\/wp-json\/wp\/v2\/tags?post=157503"}],"curies":[{"name":"wp","href":"https:\/\/api.w.org\/{rel}","templated":true}]}}