{"id":157507,"date":"2025-06-06T21:47:10","date_gmt":"2025-06-06T21:47:10","guid":{"rendered":"https:\/\/www.europesays.com\/fr\/157507\/"},"modified":"2025-06-06T21:47:10","modified_gmt":"2025-06-06T21:47:10","slug":"paris-basketball-bourg-en-bresse-sous-les-yeux-domar-sy-nouveau-coproprietaire-les-parisiens-regalent","status":"publish","type":"post","link":"https:\/\/www.europesays.com\/fr\/157507\/","title":{"rendered":"Paris Basketball &#8211; Bourg-en-Bresse\u00a0: sous les yeux d\u2019Omar Sy, nouveau copropri\u00e9taire, les Parisiens r\u00e9galent"},"content":{"rendered":"<p class=\"paragraph text_align_left\">Un acteur c\u00e9saris\u00e9 sait toujours entrer en sc\u00e8ne au moment opportun. Alors que le Paris Basketball est men\u00e9 de 5 longueurs (25-30) lors de son 2e match des demi-finales de playoffs de la Betclic \u00c9lite, le championnat de France de <a href=\"https:\/\/www.leparisien.fr\/sports\/basket\/\" target=\"_blank\" rel=\"noreferrer noopener\">basket<\/a>, contre Bourg-en-Bresse, le speaker Dandyguel prend la parole \u00e0 la fin du premier quart-temps. \u00ab Regardez le grand \u00e9cran ! \u00bb Une grande clameur retentit. On voit alors <a href=\"https:\/\/www.leparisien.fr\/culture-loisirs\/cinema\/omar-sy\/\" target=\"_blank\" rel=\"noreferrer noopener\">Omar Sy<\/a> descendre d\u2019une tribune de l\u2019Adidas Arena de la Porte de la Chapelle pour s\u2019asseoir sur un si\u00e8ge au premier rang.<\/p>\n<p class=\"paragraph text_align_left\">\u00ab Voici <a href=\"https:\/\/www.leparisien.fr\/sports\/basket\/je-suis-tres-enthousiaste-les-dessous-de-larrivee-surprise-domar-sy-comme-coproprietaire-du-paris-basketball-06-06-2025-B2TZGOMCS5HYVM7XB5IAEN35O4.php\" target=\"_blank\" rel=\"noreferrer noopener\">le num\u00e9ro copropri\u00e9taire du Paris Basketball, Omar Sy<\/a> \u00bb, hurle Dandyguel. Les 6 000 spectateurs de l\u2019enceinte du XVIIIe arrondissement applaudissent chaleureusement tandis que le kop Parisii entonne un \u00ab Omar Sy, Omar Sy, Omar Sy\u2026 \u00bb<\/p>\n<p>\u00ab Cela va nous amener une renomm\u00e9e internationale \u00bb<\/p>\n<p class=\"paragraph text_align_left\">L\u2019acteur de 47 ans, notamment connu pour son r\u00f4le dans la s\u00e9rie Lupin ou le film Intouchables, v\u00eatu d\u2019un surv\u00eatement noir et blanc et d\u2019une caquette sigl\u00e9e Paris, salue le public de la main. Vingt-quatre plus t\u00f4t, <a href=\"https:\/\/www.leparisien.fr\/sports\/basket\/basket-lacteur-omar-sy-nouveau-co-proprietaire-du-paris-basketball-05-06-2025-VEJ3GHWKDJHLNEOIF4QOYS2X2U.php\" target=\"_blank\" rel=\"noreferrer noopener\">l\u2019artiste et le Paris Basketball avaient annonc\u00e9 sur leurs r\u00e9seaux sociaux<\/a> qu\u2019Omar Sy allait devenir copropri\u00e9taire du PBB aux c\u00f4t\u00e9s des Am\u00e9ricains \u00c9ric Schwartz et David Kahn, respectivement actionnaire majoritaire et pr\u00e9sident-coactionnaire depuis la cr\u00e9ation du club en 2018. \u00ab On se sent chez nous ici \u00bb, avait d\u00e9clar\u00e9 l\u2019acteur dans la vid\u00e9o qui accompagne le communiqu\u00e9.<\/p>\n<p class=\"paragraph text_align_left\">Ce dernier est un spectateur r\u00e9gulier des rencontres disput\u00e9es par le club parisien. Son arriv\u00e9e comme un des patrons du PBB est per\u00e7u tr\u00e8s positivement par les supporters et spectateurs du club de la capitale. <\/p>\n<p class=\"paragraph text_align_left\">\u00ab Je l\u2019avais vu \u00e0 des matchs des Metropolitans et je savais qu\u2019il appr\u00e9ciait beaucoup le basket. C\u2019est \u00e9norme car cela va nous amener une renomm\u00e9e internationale et peut-\u00eatre des joueurs de folie, pense St\u00e9phane Gal, qui supporte le PBB depuis 5 ans. J\u2019ai envie que le projet continue, ce n\u2019est que le d\u00e9but. Qu\u2019une personnalit\u00e9 comme \u00e7a rejoigne notre projet, c\u2019est \u00e9normissime ! Et en plus de la notori\u00e9t\u00e9, s\u2019il peut apporter des moyens\u2026 Il vaut mieux qu\u2019il soit l\u00e0 que pas l\u00e0. \u00bb<\/p>\n<p>\u00ab C\u2019est la classe \u00bb<\/p>\n<p class=\"paragraph text_align_left\">\u00ab Quand j\u2019ai vu son arriv\u00e9e, je me suis dit waouh c\u2019est prestigieux !, raconte Fares El Abd, un membre du kop Parisii. C\u2019est en accord avec l\u2019image et les valeurs du club. Omar est un grand fan de basket, de NBA et de culture am\u00e9ricaine. On a un style \u00e0 l\u2019am\u00e9ricaine qui se distingue des autres clubs de basket fran\u00e7ais. On attend de la visibilit\u00e9 \u00e0 l\u2019internationale et qu\u2019il donne une belle image du club. C\u2019est la classe ! \u00bb<\/p>\n<p class=\"paragraph text_align_left\">\u00c0 ses c\u00f4t\u00e9s, Louise abonde en son sens. \u00ab On ne s\u2019attendait pas \u00e0 ce qu\u2019il investisse dans ce club mais c\u2019est une bonne nouvelle car c\u2019est un homme qui rassemble de mani\u00e8re g\u00e9n\u00e9rale. C\u2019est une personnalit\u00e9 du Grand Paris et c\u2019est chouette car le club appartient aux Am\u00e9ricains, souffle cette commerciale de 31 ans. J\u2019esp\u00e8re que cela apportera plus de visibilit\u00e9 sur le club et grandir car on est jeune. Je suis le PBB depuis 2022 et c\u2019est \u00e9norme la dimension qu\u2019il a prise. \u00bb<\/p>\n<p>Plus qu\u2019une victoire pour atteindre la finale<\/p>\n<p class=\"paragraph text_align_left\">\u00c0 l\u2019instar du <a href=\"https:\/\/www.leparisien.fr\/sports\/basket\/paris-basketball-bourg-en-bresse-100-89-le-resume-du-succes-des-parisiens-dans-le-match-1-des-demi-finales-04-06-2025-ZFXMQJXSKBH27DDDGLQLUZRGTM.php\" target=\"_blank\" rel=\"noreferrer noopener\">premier match remport\u00e9 dans sa salle mercredi (110-89),<\/a> le Paris Basketball \u00e9prouve les pires difficult\u00e9s ce vendredi soir \u00e0 se d\u00e9faire de son coriace adversaire bressan qu\u2019il a pourtant battu d\u00e9j\u00e0 4 fois cette saison (deux fois en saison r\u00e9guli\u00e8re, une fois en Coupe de France et le premier match des demi-finales). Les hommes de Fr\u00e9d\u00e9ric Fauthoux (\u00e9galement s\u00e9lectionneur de l\u2019\u00e9quipe de France) prennent 10 longueurs d\u2019avance au milieu du deuxi\u00e8me quart-temps (32-42, 15e) mais les Parisiens recollent, presque, \u00e0 la pause (55-57).<\/p>\n<p class=\"paragraph text_align_left\">Sous les yeux du meilleur tennisman fran\u00e7ais Arthur Fils qui a d\u00e9clar\u00e9 forfait en 16e de finale de Roland-Garros la semaine pass\u00e9e, le PBB met un coup d\u2019acc\u00e9l\u00e9rateur en fin de 3e quart-temps sous l\u2019impulsion de ses lignes arri\u00e8res &#8211; TJ Short, Nadir Hifi et Maodo L\u00f4 &#8211; intraitables \u00e0 trois points (84-77, 30e). Avant de cr\u00e9er un \u00e9cart r\u00e9dhibitoire (101-85, 34e) quelques minutes plus tard apr\u00e8s de nouveaux tirs prim\u00e9s sign\u00e9s du duo Shorts &#8211; Hifi (respectivement 34 et 21 ponts).<\/p>\n<p class=\"paragraph text_align_left\">Gr\u00e2ce \u00e0 ce 2e succ\u00e8s (117-103), le PBB n\u2019a plus besoin que d\u2019une victoire pour rallier la finale. Il aura une premi\u00e8re opportunit\u00e9 ce dimanche \u00e0 Bourg-en-Bresse.<\/p>\n","protected":false},"excerpt":{"rendered":"Un acteur c\u00e9saris\u00e9 sait toujours entrer en sc\u00e8ne au moment opportun. Alors que le Paris Basketball est men\u00e9&hellip;\n","protected":false},"author":2,"featured_media":157508,"comment_status":"","ping_status":"","sticky":false,"template":"","format":"standard","meta":{"footnotes":""},"categories":[1888],"tags":[11,1465,872,1777,674,1011,27,12,626,25,60],"class_list":{"0":"post-157507","1":"post","2":"type-post","3":"status-publish","4":"format-standard","5":"has-post-thumbnail","7":"category-paris","8":"tag-actualites","9":"tag-basket","10":"tag-culture-et-loisirs","11":"tag-eu","12":"tag-europe","13":"tag-fr","14":"tag-france","15":"tag-news","16":"tag-paris","17":"tag-republique-francaise","18":"tag-sports"},"share_on_mastodon":{"url":"https:\/\/pubeurope.com\/@fr\/114638621556825057","error":""},"_links":{"self":[{"href":"https:\/\/www.europesays.com\/fr\/wp-json\/wp\/v2\/posts\/157507","targetHints":{"allow":["GET"]}}],"collection":[{"href":"https:\/\/www.europesays.com\/fr\/wp-json\/wp\/v2\/posts"}],"about":[{"href":"https:\/\/www.europesays.com\/fr\/wp-json\/wp\/v2\/types\/post"}],"author":[{"embeddable":true,"href":"https:\/\/www.europesays.com\/fr\/wp-json\/wp\/v2\/users\/2"}],"replies":[{"embeddable":true,"href":"https:\/\/www.europesays.com\/fr\/wp-json\/wp\/v2\/comments?post=157507"}],"version-history":[{"count":0,"href":"https:\/\/www.europesays.com\/fr\/wp-json\/wp\/v2\/posts\/157507\/revisions"}],"wp:featuredmedia":[{"embeddable":true,"href":"https:\/\/www.europesays.com\/fr\/wp-json\/wp\/v2\/media\/157508"}],"wp:attachment":[{"href":"https:\/\/www.europesays.com\/fr\/wp-json\/wp\/v2\/media?parent=157507"}],"wp:term":[{"taxonomy":"category","embeddable":true,"href":"https:\/\/www.europesays.com\/fr\/wp-json\/wp\/v2\/categories?post=157507"},{"taxonomy":"post_tag","embeddable":true,"href":"https:\/\/www.europesays.com\/fr\/wp-json\/wp\/v2\/tags?post=157507"}],"curies":[{"name":"wp","href":"https:\/\/api.w.org\/{rel}","templated":true}]}}