{"id":157517,"date":"2025-06-06T21:52:09","date_gmt":"2025-06-06T21:52:09","guid":{"rendered":"https:\/\/www.europesays.com\/fr\/157517\/"},"modified":"2025-06-06T21:52:09","modified_gmt":"2025-06-06T21:52:09","slug":"un-autre-attaquant-du-psg-incertain-avec-les-bleus","status":"publish","type":"post","link":"https:\/\/www.europesays.com\/fr\/157517\/","title":{"rendered":"Un autre attaquant du PSG incertain avec les Bleus"},"content":{"rendered":"<p><img width=\"700\" height=\"350\" src=\"https:\/\/www.europesays.com\/fr\/wp-content\/uploads\/2025\/06\/Barcola-France.jpg\" class=\"attachment-jannah-image-post size-jannah-image-post wp-post-image\" alt=\"Barcola France\" is_main_img=\"1\" decoding=\"async\" fetchpriority=\"high\"  \/><br \/>\n Image : RMC<br \/>\nSport<\/p>\n<p>Alors qu\u2019Ousmane Demb\u00e9l\u00e9 est sorti apr\u00e8s une alerte \u00e0 la<br \/>\ncuisse face \u00e0 l\u2019Espagne, un autre attaquant du PSG a \u00e9t\u00e9 victime<br \/>\nd\u2019un p\u00e9pin physique avec la France.<\/p>\n<p>Entre sa victoire historique en finale de <strong>Ligue des<br \/>\nchampions<\/strong> et la <strong><a href=\"https:\/\/canal-supporters.com\/le-camp-de-base-du-psg-pour-la-coupe-du-monde-des-clubs-officialise\/\" title=\"\" rel=\"nofollow noopener\" target=\"_blank\">Coupe du monde des clubs<\/a><\/strong>, le<br \/>\n<strong>PSG<\/strong> a vu la quasi totalit\u00e9 de son effectif<br \/>\nrejoindre leur s\u00e9lection nationale pour la tr\u00eave internationale de<br \/>\njuin. Et avec l\u2019encha\u00eenement intense des matches, les champions<br \/>\nd\u2019Europe esp\u00e8rent fortement ne pas avoir de casse durant cette<br \/>\ncourte p\u00e9riode loin du <strong>Campus PSG<\/strong>.<\/p>\n<p>Barcola touch\u00e9<br \/>\nau genou<\/p>\n<p>Mais ce jeudi, le club de la capitale a vu son meilleur buteur<br \/>\n<strong><a href=\"https:\/\/canal-supporters.com\/espagne-france-ousmane-dembele-touche-a-la-cuisse\/\" title=\"\" rel=\"nofollow noopener\" target=\"_blank\">Ousmane Demb\u00e9l\u00e9<\/a><\/strong> sortir lors de la d\u00e9faite de<br \/>\nla <strong>France<\/strong> face \u00e0 <strong>l\u2019Espagne<\/strong> (5-4)<br \/>\nen raison d\u2019une alerte \u00e0 la cuisse. Et d\u2019apr\u00e8s les informations de<br \/>\n<strong><a href=\"https:\/\/rmcsport.bfmtv.com\/football\/equipe-de-france\/direct-france-espagne-suivez-la-demi-finale-de-ligue-des-nations-des-bleus-en-live_LS-202506050296.html\" target=\"_blank\" rel=\"noopener nofollow\" title=\"\">RMC<br \/>\nSport<\/a><\/strong>, le num\u00e9ro 10 parisien est incertain pour<br \/>\nla petite finale de <strong>Ligue des Nations<\/strong> dimanche<br \/>\n(15h) contre <strong>l\u2019Allemagne<\/strong>. Touch\u00e9 au quadriceps<br \/>\ngauche, l\u2019attaquant de 28 ans a d\u00fb quitter ses partenaires \u00e0 la 76e<br \/>\nminute de jeu. Mais pas d\u2019inqui\u00e9tude selon l\u2019entourage des Bleus<br \/>\nqui annonce une simple alerte musculaire. Cependant,<br \/>\n<strong>Ousmane Demb\u00e9l\u00e9<\/strong> n\u2019est pas le seul attaquant du<br \/>\n<strong>PSG<\/strong> \u00e0 avoir connu un p\u00e9pin physique durant cette<br \/>\nrencontre face \u00e0 la Roja. En effet, le m\u00e9dia sportif<br \/>\nrapporte que <strong>Bradley Barcola<\/strong>, entr\u00e9 en cours de<br \/>\njeu, a \u00e9t\u00e9 touch\u00e9 au genou. Apr\u00e8s le match, zone-mixte, l\u2019ailier<br \/>\ndes Rouge &amp; Bleu boitait l\u00e9g\u00e8rement. Il est \u00e9galement incertain<br \/>\npour cette rencontre face aux Allemand, pr\u00e9cise<br \/>\n<strong>RMC<\/strong>.<\/p>\n<\/p>\n<p>Youtube :<br \/>\n<strong><a href=\"https:\/\/www.youtube.com\/@CanalSupportersParis\" target=\"_blank\" rel=\"noopener nofollow\" title=\"\">Canal Supporters<br \/>\nParis<\/a><\/strong><\/p>\n","protected":false},"excerpt":{"rendered":"Image : RMC Sport Alors qu\u2019Ousmane Demb\u00e9l\u00e9 est sorti apr\u00e8s une alerte \u00e0 la cuisse face \u00e0 l\u2019Espagne,&hellip;\n","protected":false},"author":2,"featured_media":157518,"comment_status":"","ping_status":"","sticky":false,"template":"","format":"standard","meta":{"footnotes":""},"categories":[1587],"tags":[11,672,28850,28851,9707,1804,1805,16775,1803,64,1777,674,1801,28852,23733,12,2782,91,92,93,1802,28853,28854,96],"class_list":{"0":"post-157517","1":"post","2":"type-post","3":"status-publish","4":"format-standard","5":"has-post-thumbnail","7":"category-allemagne","8":"tag-actualites","9":"tag-allemagne","10":"tag-allemagne-france","11":"tag-barcola-psg","12":"tag-bradley-barcola","13":"tag-bundesrepublik-deutschland","14":"tag-de","15":"tag-dembele-psg","16":"tag-deutschland","17":"tag-equipe-de-france","18":"tag-eu","19":"tag-europe","20":"tag-germany","21":"tag-infirmerie-psg","22":"tag-ligue-des-nations","23":"tag-news","24":"tag-ousmane-dembele","25":"tag-paris-saint-germain","26":"tag-paris-sg","27":"tag-psg","28":"tag-republique-federale-dallemagne","29":"tag-selections","30":"tag-treve-internationale","31":"tag-une"},"share_on_mastodon":{"url":"https:\/\/pubeurope.com\/@fr\/114638641149159376","error":""},"_links":{"self":[{"href":"https:\/\/www.europesays.com\/fr\/wp-json\/wp\/v2\/posts\/157517","targetHints":{"allow":["GET"]}}],"collection":[{"href":"https:\/\/www.europesays.com\/fr\/wp-json\/wp\/v2\/posts"}],"about":[{"href":"https:\/\/www.europesays.com\/fr\/wp-json\/wp\/v2\/types\/post"}],"author":[{"embeddable":true,"href":"https:\/\/www.europesays.com\/fr\/wp-json\/wp\/v2\/users\/2"}],"replies":[{"embeddable":true,"href":"https:\/\/www.europesays.com\/fr\/wp-json\/wp\/v2\/comments?post=157517"}],"version-history":[{"count":0,"href":"https:\/\/www.europesays.com\/fr\/wp-json\/wp\/v2\/posts\/157517\/revisions"}],"wp:featuredmedia":[{"embeddable":true,"href":"https:\/\/www.europesays.com\/fr\/wp-json\/wp\/v2\/media\/157518"}],"wp:attachment":[{"href":"https:\/\/www.europesays.com\/fr\/wp-json\/wp\/v2\/media?parent=157517"}],"wp:term":[{"taxonomy":"category","embeddable":true,"href":"https:\/\/www.europesays.com\/fr\/wp-json\/wp\/v2\/categories?post=157517"},{"taxonomy":"post_tag","embeddable":true,"href":"https:\/\/www.europesays.com\/fr\/wp-json\/wp\/v2\/tags?post=157517"}],"curies":[{"name":"wp","href":"https:\/\/api.w.org\/{rel}","templated":true}]}}