{"id":157521,"date":"2025-06-06T21:54:11","date_gmt":"2025-06-06T21:54:11","guid":{"rendered":"https:\/\/www.europesays.com\/fr\/157521\/"},"modified":"2025-06-06T21:54:11","modified_gmt":"2025-06-06T21:54:11","slug":"reseaux-sociaux-dangereux-pour-les-jeunes-lue-prepare-un-age-numerique-obligatoire","status":"publish","type":"post","link":"https:\/\/www.europesays.com\/fr\/157521\/","title":{"rendered":"R\u00e9seaux sociaux dangereux pour les jeunes ? L\u2019UE pr\u00e9pare un \u00e2ge num\u00e9rique obligatoire"},"content":{"rendered":"<p>\u00a9 Buzzly &#8211; R\u00e9seaux sociaux dangereux pour les jeunes ? L\u2019UE pr\u00e9pare un \u00e2ge num\u00e9rique obligatoire<\/p>\n<p>        Voir le sommaire<br \/>\n        Ne plus voir le sommaire <\/p>\n<p>L\u2019Union europ\u00e9enne pourrait prochainement renforcer ses r\u00e8gles pour prot\u00e9ger les mineurs sur les r\u00e9seaux sociaux. Une initiative port\u00e9e par la Gr\u00e8ce avec le soutien de pays comme la France et l\u2019Espagne vise \u00e0 mieux encadrer l\u2019acc\u00e8s des jeunes aux plateformes num\u00e9riques, en r\u00e9ponse \u00e0 des <b>inqui\u00e9tudes croissantes<\/b> sur leur <b>sant\u00e9 mentale<\/b> et <b>physique<\/b>.\n<\/p>\n<p>Des plateformes accus\u00e9es d\u2019impacter le bien-\u00eatre des jeunes<\/p>\n<p>Ce projet est n\u00e9 d\u2019un constat inqui\u00e9tant : les <b>r\u00e9seaux sociaux<\/b> influencent profond\u00e9ment les <b>adolescents<\/b>, parfois de mani\u00e8re n\u00e9faste. Les ministres grec, espagnol et fran\u00e7ais pointent du doigt le <b>fonctionnement des algorithmes<\/b> qui pousseraient les mineurs \u00e0 consommer des contenus <b>anxiog\u00e8nes<\/b> et <b>addictifs<\/b>. Ces effets incluent une <b>baisse de l\u2019estime de soi<\/b>, l\u2019anxi\u00e9t\u00e9 voire des troubles d\u00e9pressifs.\n<\/p>\n<p>Autre probl\u00e8me : l\u2019utilisation <b>excessive des \u00e9crans<\/b>. Selon diff\u00e9rents gouvernements, cela freine le d\u00e9veloppement de certaines <b>comp\u00e9tences essentielles<\/b> chez les jeunes, comme l\u2019<b>esprit critique<\/b> ou les <b>capacit\u00e9s relationnelles<\/b>. L\u2019usage intensif des smartphones et r\u00e9seaux en continu expose aussi les enfants \u00e0 des <b>vid\u00e9os ou publications inappropri\u00e9es<\/b> pour leur \u00e2ge.<\/p>\n<p><a class=\"related-article simple\" href=\"https:\/\/buzzly.fr\/news\/20484-voyage-en-retard-lue-veut-limiter-vos-indemnisations-des-3-heures-dattente\/\" rel=\"nofollow noopener\" target=\"_blank\"><br \/>\n                        \u00c0 lire<br \/>\n                        Voyage en retard : l\u2019UE veut limiter vos indemnisations d\u00e8s 3 heures d\u2019attente<\/p>\n<p>                        <\/a><\/p>\n<p>Vers un \u00e2ge num\u00e9rique de majorit\u00e9 en Europe<\/p>\n<p>Pour r\u00e9pondre \u00e0 ces pr\u00e9occupations, la Gr\u00e8ce propose un plan qui pourrait aboutir \u00e0 des <b>changements concrets<\/b> dans les 27 pays membres de l\u2019UE. L\u2019une des mesures cl\u00e9s serait l\u2019introduction d\u2019un <b>\u00e2ge num\u00e9rique de majorit\u00e9<\/b>. Autrement dit, un enfant ne pourrait <b>s\u2019inscrire sur une plateforme<\/b> sociale sans l\u2019autorisation claire de ses parents.\n<\/p>\n<p>Plusieurs pays, comme <b>Chypre<\/b>, le <b>Danemark<\/b> ou l\u2019<b>Espagne<\/b>, soutiennent d\u00e9j\u00e0 cette proposition. Le Danemark pr\u00e9voit m\u00eame d\u2019en faire une <b>priorit\u00e9<\/b> d\u00e8s qu\u2019il prendra la pr\u00e9sidence tournante de l\u2019Union en juillet. L\u2019id\u00e9e est que ces <b>nouvelles r\u00e8gles<\/b> puissent \u00eatre <b>rapidement discut\u00e9es<\/b> et appliqu\u00e9es.\n<\/p>\n<p>C\u00f4t\u00e9 fran\u00e7ais, une loi adopt\u00e9e en <b>2023<\/b> oblige d\u00e9j\u00e0 les r\u00e9seaux sociaux \u00e0 demander l\u2019<b>accord parental<\/b> pour les jeunes de moins de 15 ans. Mais elle attend encore d\u2019\u00eatre <b>valid\u00e9e \u00e0 l\u2019\u00e9chelle europ\u00e9enne<\/b> pour entrer pleinement en vigueur.\n<\/p>\n<p>Protection renforc\u00e9e, contenus bloqu\u00e9s et outils communs<\/p>\n<p>Le texte port\u00e9 par la Gr\u00e8ce ne s\u2019arr\u00eate pas \u00e0 l\u2019\u00e2ge minimum. Il demande aussi aux <b>plateformes<\/b> d\u2019avoir une id\u00e9e pr\u00e9cise de l\u2019<b>\u00e2ge de leurs utilisateurs<\/b>, afin d\u2019\u00e9viter toute <b>exposition involontaire<\/b> \u00e0 du contenu nocif. L\u2019objectif : int\u00e9grer des <b>outils de contr\u00f4le parental<\/b> directement dans les appareils, comme les smartphones, sans pour autant porter atteinte \u00e0 la <b>vie priv\u00e9e<\/b>.<\/p>\n<p><a class=\"related-article simple\" href=\"https:\/\/buzzly.fr\/news\/20355-passeport-lue-lance-un-controle-frontalier-numerique-massif\/\" rel=\"nofollow noopener\" target=\"_blank\"><br \/>\n                        \u00c0 lire<br \/>\n                        Passeport : l\u2019UE lance un contr\u00f4le frontalier num\u00e9rique massif<\/p>\n<p>                        <\/a><\/p>\n<p>Voici quelques pistes envisag\u00e9es :\n<\/p>\n<ul>\n<li>Un outil europ\u00e9en unique de v\u00e9rification d\u2019\u00e2ge<\/li>\n<li>Des fonctions de contr\u00f4le parental pr\u00e9install\u00e9es<\/li>\n<li>Des restrictions automatiques pour les mineurs selon certaines applications<\/li>\n<\/ul>\n<p>La Commission europ\u00e9enne pr\u00e9voit d\u2019ailleurs de lancer d\u00e8s le mois prochain une <b>application<\/b> pour <b>v\u00e9rifier l\u2019\u00e2ge<\/b> des utilisateurs, en garantissant la <b>protection des donn\u00e9es personnelles<\/b>. C\u2019est une r\u00e9ponse directe \u00e0 la pression exerc\u00e9e par certains <b>\u00c9tats membres<\/b> qui r\u00e9clament des <b>solutions concr\u00e8tes<\/b>.\n<\/p>\n<p>Des mesures en cours et des plateformes sous surveillance<\/p>\n<p>La France, de son c\u00f4t\u00e9, a aussi pouss\u00e9 des <b>mesures ciblant des sites pour adultes<\/b>. En f\u00e9vrier, elle a oblig\u00e9 certaines plateformes \u00e0 appliquer un <b>syst\u00e8me fiable de v\u00e9rification d\u2019\u00e2ge<\/b>. En r\u00e9action, trois grands sites pornographiques ont pr\u00e9f\u00e9r\u00e9 <b>suspendre leur activit\u00e9<\/b> dans le pays. D\u2019autres plateformes comme <a href=\"https:\/\/buzzly.fr\/high-tech\/20201-utiliser-tiktok-pour-promouvoir-marque-produit\/\" rel=\"nofollow noopener\" target=\"_blank\"><b>TikTok<\/b><\/a> ont \u00e9galement \u00e9t\u00e9 somm\u00e9es de <b>supprimer certains mots-cl\u00e9s<\/b> dangereux, comme \u201cSkinnyTok\u201d, associ\u00e9 \u00e0 l\u2019<b>extr\u00eame maigreur<\/b>.\n<\/p>\n<p>Au niveau europ\u00e9en, la Commission a publi\u00e9 r\u00e9cemment des <b>lignes directrices<\/b> visant \u00e0 mieux prot\u00e9ger les <b>enfants en ligne<\/b>. Parmi les recommandations : rendre les comptes des mineurs <b>priv\u00e9s par d\u00e9faut<\/b> et faciliter le <b>blocage de profils toxiques<\/b>. Ces propositions font actuellement l\u2019objet d\u2019une <b>consultation publique<\/b>.<\/p>\n<p><a class=\"related-article simple\" href=\"https:\/\/buzzly.fr\/news\/20527-se-lever-trop-tot-dans-lavion-une-amende-de-60e-desormais-prevue\/\" rel=\"nofollow noopener\" target=\"_blank\"><br \/>\n                        \u00c0 lire<br \/>\n                        Se lever trop t\u00f4t dans l\u2019avion ? Une amende de 60\u20ac d\u00e9sormais pr\u00e9vue<\/p>\n<p>                        <\/a><\/p>\n<p>En parall\u00e8le, des <b>enqu\u00eates sont men\u00e9es<\/b> sur plusieurs g\u00e9ants du num\u00e9rique, comme <b>Meta<\/b> ou TikTok, accus\u00e9s de ne pas emp\u00eacher efficacement les mineurs d\u2019acc\u00e9der \u00e0 des <b>contenus inadapt\u00e9s<\/b>. Le <b>syst\u00e8me de v\u00e9rification d\u2019\u00e2ge<\/b> de Meta, notamment, est particuli\u00e8rement critiqu\u00e9 pour son <b>manque de fiabilit\u00e9<\/b>.\n<\/p>\n<p><img loading=\"lazy\" decoding=\"async\" class=\"alignnone wp-image-20534 size-full\" src=\"data:image\/svg+xml,%3Csvg%20xmlns=\" http:=\"\" alt=\"La France, quant \u00e0 elle; s'est d\u00e9j\u00e0 attaqu\u00e9e aux sites pour adultes.\" width=\"1200\" height=\"581\" data-lazy- data-lazy- data-lazy-src=\"https:\/\/www.europesays.com\/fr\/wp-content\/uploads\/2025\/06\/buzzly.fr-reseaux-sociaux-dangereux-pour-les-jeunes-lue-prepare-un-age-numerique-obligatoire-porn-2-.jpeg\"\/>\n<\/p>\n<p>Des blocages politiques sur certains projets sensibles<\/p>\n<p>Malgr\u00e9 cette mobilisation, certains <b>dossiers restent bloqu\u00e9s<\/b>. C\u2019est notamment le cas d\u2019un <b>projet de loi europ\u00e9en<\/b> contre les <b>contenus p\u00e9dopornographiques en ligne<\/b>. Si le texte vise \u00e0 am\u00e9liorer la d\u00e9tection et le signalement, des \u00c9tats s\u2019inqui\u00e8tent de possibles <b>violations de la vie priv\u00e9e<\/b>. En particulier, l\u2019acc\u00e8s aux <b>messages chiffr\u00e9s<\/b> par les autorit\u00e9s fait d\u00e9bat. R\u00e9sultat, le <b>texte divise encore<\/b> et tarde \u00e0 avancer.\n<\/p>\n<p>Avec ces nouvelles d\u00e9marches, l\u2019Union europ\u00e9enne esp\u00e8re trouver un <b>\u00e9quilibre<\/b> entre <b>protection de l\u2019enfance<\/b> et respect des <b>droits fondamentaux<\/b>. Mais une chose est s\u00fbre : la <b>pression monte<\/b> pour que des <b>mesures concr\u00e8tes<\/b> entrent enfin en application.<\/p>\n<p><a class=\"related-article simple\" href=\"https:\/\/buzzly.fr\/news\/20526-voyage-bloque-vers-les-usa-12-pays-desormais-interdits-que-faire-si-vous-etes-concerne\/\" rel=\"nofollow noopener\" target=\"_blank\"><br \/>\n                        \u00c0 lire<br \/>\n                        Voyage bloqu\u00e9 vers les USA : 12 pays d\u00e9sormais interdits, que faire si vous \u00eates concern\u00e9 ?<\/p>\n<p>                        <\/a><\/p>\n","protected":false},"excerpt":{"rendered":"\u00a9 Buzzly &#8211; R\u00e9seaux sociaux dangereux pour les jeunes ? L\u2019UE pr\u00e9pare un \u00e2ge num\u00e9rique obligatoire Voir le&hellip;\n","protected":false},"author":2,"featured_media":157522,"comment_status":"","ping_status":"","sticky":false,"template":"","format":"standard","meta":{"footnotes":""},"categories":[1586],"tags":[11,1777,674,1779,1011,27,12,25,938,1778,364],"class_list":{"0":"post-157521","1":"post","2":"type-post","3":"status-publish","4":"format-standard","5":"has-post-thumbnail","7":"category-europe","8":"tag-actualites","9":"tag-eu","10":"tag-europe","11":"tag-european-union","12":"tag-fr","13":"tag-france","14":"tag-news","15":"tag-republique-francaise","16":"tag-reseaux-sociaux","17":"tag-ue","18":"tag-union-europeenne"},"share_on_mastodon":{"url":"https:\/\/pubeurope.com\/@fr\/114638649015351876","error":""},"_links":{"self":[{"href":"https:\/\/www.europesays.com\/fr\/wp-json\/wp\/v2\/posts\/157521","targetHints":{"allow":["GET"]}}],"collection":[{"href":"https:\/\/www.europesays.com\/fr\/wp-json\/wp\/v2\/posts"}],"about":[{"href":"https:\/\/www.europesays.com\/fr\/wp-json\/wp\/v2\/types\/post"}],"author":[{"embeddable":true,"href":"https:\/\/www.europesays.com\/fr\/wp-json\/wp\/v2\/users\/2"}],"replies":[{"embeddable":true,"href":"https:\/\/www.europesays.com\/fr\/wp-json\/wp\/v2\/comments?post=157521"}],"version-history":[{"count":0,"href":"https:\/\/www.europesays.com\/fr\/wp-json\/wp\/v2\/posts\/157521\/revisions"}],"wp:featuredmedia":[{"embeddable":true,"href":"https:\/\/www.europesays.com\/fr\/wp-json\/wp\/v2\/media\/157522"}],"wp:attachment":[{"href":"https:\/\/www.europesays.com\/fr\/wp-json\/wp\/v2\/media?parent=157521"}],"wp:term":[{"taxonomy":"category","embeddable":true,"href":"https:\/\/www.europesays.com\/fr\/wp-json\/wp\/v2\/categories?post=157521"},{"taxonomy":"post_tag","embeddable":true,"href":"https:\/\/www.europesays.com\/fr\/wp-json\/wp\/v2\/tags?post=157521"}],"curies":[{"name":"wp","href":"https:\/\/api.w.org\/{rel}","templated":true}]}}