{"id":157523,"date":"2025-06-06T21:55:09","date_gmt":"2025-06-06T21:55:09","guid":{"rendered":"https:\/\/www.europesays.com\/fr\/157523\/"},"modified":"2025-06-06T21:55:09","modified_gmt":"2025-06-06T21:55:09","slug":"lancien-directeur-de-saint-jean-de-passy-condamne-a-cinq-ans-de-prison-avec-sursis","status":"publish","type":"post","link":"https:\/\/www.europesays.com\/fr\/157523\/","title":{"rendered":"L\u2019ancien directeur de Saint-Jean de Passy condamn\u00e9 \u00e0 cinq ans de prison avec sursis"},"content":{"rendered":"<p><strong>COMPTE RENDU D\u2019AUDIENCE &#8211;<\/strong> Daniel Chapellier \u00e9tait poursuivi pour avoir agress\u00e9 sexuellement un \u00e9l\u00e8ve de 14 ans dans son bureau en f\u00e9vrier 2021. Son avocat a annonc\u00e9 son intention de faire appel.<\/p>\n<p class=\"fig-paragraph\">Pour la deuxi\u00e8me fois en quelques semaines, la 20e chambre du tribunal correctionnel de Nanterre s\u2019est plong\u00e9e dans l\u2019univers de l\u2019enseignement catholique, version Ouest parisien. Ce vendredi 6 juin avait en effet lieu la seconde et derni\u00e8re journ\u00e9e du proc\u00e8s de Daniel Chapellier, ancien directeur de plusieurs \u00e9tablissements priv\u00e9s sous contrat avec l\u2019\u00c9tat. Le septuag\u00e9naire \u00e9tait poursuivi pour avoir agress\u00e9 sexuellement dans son bureau un coll\u00e9gien de 14 ans, Louis*, en 2021, alors qu\u2019il \u00e9tait directeur du groupe scolaire\u00a0<a href=\"http:\/\/www.lefigaro.fr\/actualite-france\/3-ans-de-prison-avec-sursis-requis-contre-l-ancien-directeur-de-saint-jean-de-passy-20250606\" data-fig-type=\"NewsFlash\" data-gtm-custom-categorie=\"navigation\" data-gtm-custom-action=\"crossclick\" data-gtm-custom-label=\"Contextuel\" data-gtm-event=\"customEventSPE\" data-fig-domain=\"LEFIGARO\" rel=\"nofollow noopener\" target=\"_blank\">Saint-Jean de Passy<\/a>\u00a0(16e arrondissement de Paris). Il a finalement \u00e9t\u00e9 condamn\u00e9 \u00e0 cinq ans de prison avec sursis. Son avocat, Me Yassine Yakouti, a imm\u00e9diatement annonc\u00e9 son intention de faire appel.<\/p>\n<p class=\"fig-body-link\">\n            \u00c0 lire aussi<br \/>\n        <a class=\"fig-body-link__link fig-premium-mark\" href=\"http:\/\/www.lefigaro.fr\/actualite-france\/je-n-ai-jamais-touche-un-eleve-l-ancien-directeur-de-saint-jean-de-passy-juge-pour-agression-sexuelle-sur-un-collegien-20250521\" target=\"_blank\" data-fig-type=\"NewsFlash\" rel=\"noopener nofollow\" data-gtm-custom-categorie=\"navigation\" data-gtm-custom-action=\"crossclick\" data-gtm-custom-label=\"Contextuel\" data-gtm-event=\"customEventSPE\" data-fig-domain=\"LEFIGARO\">\u00abJe n\u2019ai jamais touch\u00e9 un \u00e9l\u00e8ve!\u00bb\u00a0: l\u2019ancien directeur de Saint-Jean-de-Passy jug\u00e9 pour agression sexuelle sur un coll\u00e9gien<br \/>\n    <\/a>\n<\/p>\n<p class=\"fig-paragraph\">Le 21 mai, lors de la premi\u00e8re journ\u00e9e d\u2019audience, les \u00e9v\u00e9nements du 3 f\u00e9vrier 2021 ont longuement \u00e9t\u00e9 diss\u00e9qu\u00e9s. En raison de l\u2019absence de Louis, repr\u00e9sent\u00e9 par ses parents, la pr\u00e9sidente a rappel\u00e9 les d\u00e9clarations du coll\u00e9gien face aux enqu\u00eateurs. Questionn\u00e9 par son directeur\u2026<\/p>\n<p class=\"fig-premium-paywall__infos\">\n        Cet article est r\u00e9serv\u00e9 aux abonn\u00e9s.        Il vous reste 84% \u00e0 d\u00e9couvrir.\n    <\/p>\n<p>                <img  data- alt=\"Le Figaro\" class=\"fig-img--complete fig-img\"\/><\/p>\n<p class=\"fig-premium-paywall__title\">Vente Flash<\/p>\n<p class=\"fig-premium-paywall__subtitle\">3,99\u20ac par mois pendant 12 mois. Sans engagement.<\/p>\n<p class=\"fig-premium-paywall__connect\">\n                D\u00e9j\u00e0 abonn\u00e9\u00a0?                <a class=\"fig-premium-paywall__connect-link\" href=\"https:\/\/connect.lefigaro.fr\/login?client=horizon_web&amp;type=main&amp;redirect_uri=https%3A%2F%2Fwww.lefigaro.fr%2Factualite-france%2F3-ans-de-prison-avec-sursis-requis-contre-l-ancien-directeur-de-saint-jean-de-passy-20250606\" data-js-gtm=\"{&quot;customCategorie&quot;: &quot;conversion&quot;, &quot;customAction&quot;: &quot;before_Landing_Connexion_paywall_auto&quot;, &quot;customLabel&quot;: &quot;bGVmaWdhcm8uZnJfXzFmMDQyYzZmLTAyMTctNjVjOC04ODZmLWI5MTMwNmY0MzYxNV9fTmV3c0ZsYXNo_L\u2019ancien directeur de Saint-Jean de Passy condamn\u00e9 \u00e0 cinq ans de prison avec sursis_272&quot;, &quot;customIDSPE&quot;: &quot;bGVmaWdhcm8uZnJfXzFmMDQyYzZmLTAyMTctNjVjOC04ODZmLWI5MTMwNmY0MzYxNV9fTmV3c0ZsYXNo&quot;, &quot;event&quot;: &quot;customEventSPE&quot;}\" rel=\"nofollow noopener\" target=\"_blank\"><br \/>\n                    Connectez-vous<br \/>\n                <\/a>\n            <\/p>\n","protected":false},"excerpt":{"rendered":"COMPTE RENDU D\u2019AUDIENCE &#8211; Daniel Chapellier \u00e9tait poursuivi pour avoir agress\u00e9 sexuellement un \u00e9l\u00e8ve de 14 ans dans&hellip;\n","protected":false},"author":2,"featured_media":157524,"comment_status":"","ping_status":"","sticky":false,"template":"","format":"standard","meta":{"footnotes":""},"categories":[2],"tags":[47,1058,1054,1059,1060,1055,11,1057,118,1011,27,1061,303,12,1062,2694,25,656,104,1056,809],"class_list":{"0":"post-157523","1":"post","2":"type-post","3":"status-publish","4":"format-standard","5":"has-post-thumbnail","7":"category-actualites","8":"tag-actualite","9":"tag-actualite-education","10":"tag-actualite-france","11":"tag-actualite-justice","12":"tag-actualite-securite","13":"tag-actualite-societe","14":"tag-actualites","15":"tag-education","16":"tag-faits-divers","17":"tag-fr","18":"tag-france","19":"tag-immigration","20":"tag-justice","21":"tag-news","22":"tag-polemique","23":"tag-proces","24":"tag-republique-francaise","25":"tag-securite","26":"tag-societe","27":"tag-societe-francaise","28":"tag-violence"},"share_on_mastodon":{"url":"https:\/\/pubeurope.com\/@fr\/114638652925069847","error":""},"_links":{"self":[{"href":"https:\/\/www.europesays.com\/fr\/wp-json\/wp\/v2\/posts\/157523","targetHints":{"allow":["GET"]}}],"collection":[{"href":"https:\/\/www.europesays.com\/fr\/wp-json\/wp\/v2\/posts"}],"about":[{"href":"https:\/\/www.europesays.com\/fr\/wp-json\/wp\/v2\/types\/post"}],"author":[{"embeddable":true,"href":"https:\/\/www.europesays.com\/fr\/wp-json\/wp\/v2\/users\/2"}],"replies":[{"embeddable":true,"href":"https:\/\/www.europesays.com\/fr\/wp-json\/wp\/v2\/comments?post=157523"}],"version-history":[{"count":0,"href":"https:\/\/www.europesays.com\/fr\/wp-json\/wp\/v2\/posts\/157523\/revisions"}],"wp:featuredmedia":[{"embeddable":true,"href":"https:\/\/www.europesays.com\/fr\/wp-json\/wp\/v2\/media\/157524"}],"wp:attachment":[{"href":"https:\/\/www.europesays.com\/fr\/wp-json\/wp\/v2\/media?parent=157523"}],"wp:term":[{"taxonomy":"category","embeddable":true,"href":"https:\/\/www.europesays.com\/fr\/wp-json\/wp\/v2\/categories?post=157523"},{"taxonomy":"post_tag","embeddable":true,"href":"https:\/\/www.europesays.com\/fr\/wp-json\/wp\/v2\/tags?post=157523"}],"curies":[{"name":"wp","href":"https:\/\/api.w.org\/{rel}","templated":true}]}}