{"id":157527,"date":"2025-06-06T21:57:13","date_gmt":"2025-06-06T21:57:13","guid":{"rendered":"https:\/\/www.europesays.com\/fr\/157527\/"},"modified":"2025-06-06T21:57:13","modified_gmt":"2025-06-06T21:57:13","slug":"la-france-a-une-position-claire-qui-est-de-ne-pas-vendre-darmes-a-israel-dit-le-ministre-des-armees","status":"publish","type":"post","link":"https:\/\/www.europesays.com\/fr\/157527\/","title":{"rendered":"La France a une position \u2018\u2019claire\u2019\u2019 qui est de ne pas vendre d\u2019armes \u00e0 Isra\u00ebl, dit le ministre des Arm\u00e9es"},"content":{"rendered":"<p style=\"text-align:justify;\">AA \/ Tunis \/ Majdi Ismail<\/p>\n<p style=\"text-align:justify;\">La France a une position \u2018\u2019claire\u2019\u2019 qui est de ne pas vendre d&rsquo;armes \u00e0 Isra\u00ebl, a d\u00e9clar\u00e9 vendredi soir le ministre fran\u00e7ais des Arm\u00e9es, S\u00e9bastien Lecornu.<\/p>\n<p style=\"text-align:justify;\">\u2018\u2019La position de la France est on ne peut plus claire. Il n\u2019y a pas d\u2019armes vendues \u00e0 Isra\u00ebl. Et pour cause, Isra\u00ebl est un des principaux concurrents des industries fran\u00e7aises\u2019\u2019, a expliqu\u00e9 S\u00e9bastien Lecornu sur la cha\u00eene de t\u00e9l\u00e9vision LCI.<\/p>\n<p style=\"text-align:justify;\">Seuls des \u2018\u2019composants\u2019\u2019 destin\u00e9s au \u2018\u2019D\u00f4me de fer\u2019\u2019, l\u2019un des syst\u00e8mes de d\u00e9fense isra\u00e9lien qui prot\u00e8ge l&rsquo;Etat h\u00e9breu des attaques de missiles, de roquettes et de drones, ou des \u2018\u2019\u00e9l\u00e9ments pour la r\u00e9exportation\u2019\u2019 sont vendus \u00e0 Isra\u00ebl, a-t-il ajout\u00e9.<\/p>\n<p style=\"text-align:justify;\">Dans ce dernier cas, \u2018\u2019certaines choses partent en Isra\u00ebl, font l\u2019objet d\u2019une intervention industrielle et sont souvent r\u00e9export\u00e9es. Parfois m\u00eame, d\u2019ailleurs, en France. Et tout cela fait l\u2019objet d\u2019un contr\u00f4le\u2019\u2019, a soulign\u00e9 le ministre des Arm\u00e9es.<\/p>\n<p style=\"text-align:justify;\">Mercredi et jeudi, les dockers de Marseille-Fos ont refus\u00e9 de charger \u00e0 bord d\u2019un navire \u00e0 destination de Ha\u00effa en Isra\u00ebl des conteneurs avec des pi\u00e8ces pour fusils-mitrailleurs fabriqu\u00e9es par l\u2019entreprise marseillaise Eurolinks, afin de ne pas \u2018\u2019participer au g\u00e9nocide en cours orchestr\u00e9 par le gouvernement isra\u00e9lien\u2019\u2019.<\/p>\n<p style=\"text-align:justify;\">Le navire en question a quitt\u00e9 le port vendredi sans les conteneurs litigieux, a indiqu\u00e9 un op\u00e9rateur portuaire cit\u00e9 par la presse locale.<\/p>\n<p style=\"text-align:justify;\">Plus t\u00f4t ce vendredi, le chef de la diplomatie fran\u00e7aise, Jean-No\u00ebl Barrot, avait exprim\u00e9 la m\u00eame position sur RTL : \u2018\u2019Nous ne livrons pas de mat\u00e9riel militaire utilis\u00e9 \u00e0 Gaza\u2019\u2019, citant toutefois deux exceptions. \u2018\u2019Ce sont les composantes qui permettent \u00e0 Isra\u00ebl de se d\u00e9fendre, notamment avec le D\u00f4me de fer\u2019\u2019, et \u2018\u2019il y a du mat\u00e9riel qui peut \u00eatre assembl\u00e9 en Isra\u00ebl, mais qui a vocation \u00e0 \u00eatre r\u00e9export\u00e9\u2019\u2019, avait-il ajout\u00e9.<\/p>\n<p style=\"text-align:justify;\">Cependant, si le mat\u00e9riel militaire d\u2019Eurolinks \u00e9tait utilis\u00e9 \u00e0 Gaza, \u2018\u2019l\u2019entreprise qui l\u2019exporte se placerait en contravention vis-\u00e0-vis du droit\u2019\u2019, avait-il encore soutenu.<\/p>\n<p>                            &#13;<br \/>\n                                <a href=\"https:\/\/www.aa.com.tr\/fr\/p\/abonnement\/1001\" target=\"_blank\" style=\"font-size:12px; color:#444; text-decoration:none;\" rel=\"nofollow noopener\">&#13;<br \/>\n                                    Seulement une partie des d\u00e9p\u00eaches, que l&rsquo;Agence Anadolu diffuse \u00e0 ses abonn\u00e9s via le Syst\u00e8me de Diffusion interne (HAS), est diffus\u00e9e sur le site de l&rsquo;AA, de mani\u00e8re r\u00e9sum\u00e9e. <b style=\"color:#1897F7\">Contactez-nous s&rsquo;il vous pla\u00eet pour vous abonner.<\/b>&#13;<br \/>\n                                <\/a>&#13;<\/p>\n","protected":false},"excerpt":{"rendered":"AA \/ Tunis \/ Majdi Ismail La France a une position \u2018\u2019claire\u2019\u2019 qui est de ne pas vendre&hellip;\n","protected":false},"author":2,"featured_media":157528,"comment_status":"","ping_status":"","sticky":false,"template":"","format":"standard","meta":{"footnotes":""},"categories":[4],"tags":[11,1785,1011,27,28855,12,25,28856],"class_list":{"0":"post-157527","1":"post","2":"type-post","3":"status-publish","4":"format-standard","5":"has-post-thumbnail","7":"category-france","8":"tag-actualites","9":"tag-anadolu-ajansi","10":"tag-fr","11":"tag-france","12":"tag-ministre-des-armes","13":"tag-news","14":"tag-republique-francaise","15":"tag-vente-darmes-isral"},"share_on_mastodon":{"url":"https:\/\/pubeurope.com\/@fr\/114638660681413984","error":""},"_links":{"self":[{"href":"https:\/\/www.europesays.com\/fr\/wp-json\/wp\/v2\/posts\/157527","targetHints":{"allow":["GET"]}}],"collection":[{"href":"https:\/\/www.europesays.com\/fr\/wp-json\/wp\/v2\/posts"}],"about":[{"href":"https:\/\/www.europesays.com\/fr\/wp-json\/wp\/v2\/types\/post"}],"author":[{"embeddable":true,"href":"https:\/\/www.europesays.com\/fr\/wp-json\/wp\/v2\/users\/2"}],"replies":[{"embeddable":true,"href":"https:\/\/www.europesays.com\/fr\/wp-json\/wp\/v2\/comments?post=157527"}],"version-history":[{"count":0,"href":"https:\/\/www.europesays.com\/fr\/wp-json\/wp\/v2\/posts\/157527\/revisions"}],"wp:featuredmedia":[{"embeddable":true,"href":"https:\/\/www.europesays.com\/fr\/wp-json\/wp\/v2\/media\/157528"}],"wp:attachment":[{"href":"https:\/\/www.europesays.com\/fr\/wp-json\/wp\/v2\/media?parent=157527"}],"wp:term":[{"taxonomy":"category","embeddable":true,"href":"https:\/\/www.europesays.com\/fr\/wp-json\/wp\/v2\/categories?post=157527"},{"taxonomy":"post_tag","embeddable":true,"href":"https:\/\/www.europesays.com\/fr\/wp-json\/wp\/v2\/tags?post=157527"}],"curies":[{"name":"wp","href":"https:\/\/api.w.org\/{rel}","templated":true}]}}