{"id":15753,"date":"2025-04-10T19:56:09","date_gmt":"2025-04-10T19:56:09","guid":{"rendered":"https:\/\/www.europesays.com\/fr\/15753\/"},"modified":"2025-04-10T19:56:09","modified_gmt":"2025-04-10T19:56:09","slug":"pannes-a-repetition-sensation-de-chute-a-bagneux-lascenseur-de-la-nouvelle-tour-rend-fous-les-residents","status":"publish","type":"post","link":"https:\/\/www.europesays.com\/fr\/15753\/","title":{"rendered":"Pannes \u00e0 r\u00e9p\u00e9tition, sensation de chute\u00a0: \u00e0 Bagneux, l\u2019ascenseur de la nouvelle tour rend fous les r\u00e9sidents"},"content":{"rendered":"<p class=\"paragraph text_align_left\">Les propri\u00e9taires de l\u2019immeuble flambant neuf \u00c9mergences, qui domine, du haut de ses 57\u00a0m, le nouveau m\u00e9tro de Bagneux, sont rompus \u00e0 l\u2019exercice, bien malgr\u00e9 eux. Depuis la livraison de la r\u00e9sidence de 160 logements, r\u00e9partis en quatre b\u00e2timents, par les promoteurs Nexity et Linkcity en juin\u00a02023, ils ont d\u00e9nombr\u00e9 pas moins de seize pannes d\u2019ascenseurs allant de moins d\u2019une journ\u00e9e \u00e0 plusieurs jours, les contraignant donc \u00e0 prendre l\u2019escalier.<\/p>\n","protected":false},"excerpt":{"rendered":"Les propri\u00e9taires de l\u2019immeuble flambant neuf \u00c9mergences, qui domine, du haut de ses 57\u00a0m, le nouveau m\u00e9tro de&hellip;\n","protected":false},"author":2,"featured_media":15754,"comment_status":"","ping_status":"","sticky":false,"template":"","format":"standard","meta":{"footnotes":""},"categories":[1888],"tags":[1111,1928,11,1927,1777,674,1011,27,3314,1944,12,1926,626,1925,25],"class_list":{"0":"post-15753","1":"post","2":"type-post","3":"status-publish","4":"format-standard","5":"has-post-thumbnail","7":"category-paris","8":"tag-actu","9":"tag-actu-paris","10":"tag-actualites","11":"tag-actualites-paris","12":"tag-eu","13":"tag-europe","14":"tag-fr","15":"tag-france","16":"tag-hauts-de-seine","17":"tag-ma-ville","18":"tag-news","19":"tag-news-paris","20":"tag-paris","21":"tag-paris-news","22":"tag-republique-francaise"},"share_on_mastodon":{"url":"https:\/\/pubeurope.com\/@fr\/114315433287822559","error":""},"_links":{"self":[{"href":"https:\/\/www.europesays.com\/fr\/wp-json\/wp\/v2\/posts\/15753","targetHints":{"allow":["GET"]}}],"collection":[{"href":"https:\/\/www.europesays.com\/fr\/wp-json\/wp\/v2\/posts"}],"about":[{"href":"https:\/\/www.europesays.com\/fr\/wp-json\/wp\/v2\/types\/post"}],"author":[{"embeddable":true,"href":"https:\/\/www.europesays.com\/fr\/wp-json\/wp\/v2\/users\/2"}],"replies":[{"embeddable":true,"href":"https:\/\/www.europesays.com\/fr\/wp-json\/wp\/v2\/comments?post=15753"}],"version-history":[{"count":0,"href":"https:\/\/www.europesays.com\/fr\/wp-json\/wp\/v2\/posts\/15753\/revisions"}],"wp:featuredmedia":[{"embeddable":true,"href":"https:\/\/www.europesays.com\/fr\/wp-json\/wp\/v2\/media\/15754"}],"wp:attachment":[{"href":"https:\/\/www.europesays.com\/fr\/wp-json\/wp\/v2\/media?parent=15753"}],"wp:term":[{"taxonomy":"category","embeddable":true,"href":"https:\/\/www.europesays.com\/fr\/wp-json\/wp\/v2\/categories?post=15753"},{"taxonomy":"post_tag","embeddable":true,"href":"https:\/\/www.europesays.com\/fr\/wp-json\/wp\/v2\/tags?post=15753"}],"curies":[{"name":"wp","href":"https:\/\/api.w.org\/{rel}","templated":true}]}}