{"id":157541,"date":"2025-06-06T22:08:11","date_gmt":"2025-06-06T22:08:11","guid":{"rendered":"https:\/\/www.europesays.com\/fr\/157541\/"},"modified":"2025-06-06T22:08:11","modified_gmt":"2025-06-06T22:08:11","slug":"loeuvre-sublime-le-modele-a-carhaix-la-statue-dalan-stivell-devoilee-en-musique","status":"publish","type":"post","link":"https:\/\/www.europesays.com\/fr\/157541\/","title":{"rendered":"\u00ab\u00a0L\u2019\u0153uvre sublime le mod\u00e8le\u00a0\u00bb\u00a0: \u00e0 Carhaix, la statue d\u2019Alan Stivell d\u00e9voil\u00e9e en musique"},"content":{"rendered":"<p>Ils sont peu nombreux, ceux qui peuvent inaugurer en personne une statue \u00e9rig\u00e9e \u00e0 leur seule gloire. C\u2018est d\u00e9sormais le cas d\u2019Alan Stivell, qui a rejoint, ce vendredi 6 juin 2025, le Panth\u00e9on des plus populaires des Bretons, aux c\u00f4t\u00e9s d\u2019Anatole Le Braz, des 4 As bretons vainqueurs du Tour de France, de Raymond K\u00e9rusor\u00e9, d\u2019Anjela Duval, de S\u00e9bastien Le Balp ou des s\u0153urs Goadec, c\u00e9l\u00e8bres chanteuses de kan ha diskan avec lesquelles il a d\u2019ailleurs collabor\u00e9 \u00e0 plusieurs reprises.<\/p>\n<p><img decoding=\"async\" src=\"https:\/\/www.europesays.com\/fr\/wp-content\/uploads\/2025\/06\/6843467301fc21774e0e3eff.1.jpeg\" width=\"480\" height=\"300\" class=\"web_golden_m\" loading=\"lazy\" alt=\"Alan Stivell a livr\u00e9 un discours charg\u00e9 d\u2019\u00e9motion, dans lequel il a chaleureusement remerci\u00e9 la mairie de Carhaix de cet hommage qui lui est r\u00e9serv\u00e9.\"\/>Alan Stivell a livr\u00e9 un discours charg\u00e9 d\u2019\u00e9motion, dans lequel il a chaleureusement remerci\u00e9 la mairie de Carhaix de cet hommage qui lui est r\u00e9serv\u00e9. (Le T\u00e9l\u00e9gramme\/Jean-No\u00ebl Potin)<\/p>\n<p>Les trottoirs aux abords du ch\u00e2teau rouge \u00e9taient bond\u00e9s. Plusieurs centaines de personnes, t\u00e9l\u00e9phones ou appareils photos \u00e0 la main, tentaient de capturer l\u2019image de cet artiste pionnier et embl\u00e9matique, qui a contribu\u00e9 \u00ab\u00a0\u00e0 redonner sa fiert\u00e9 au peuple breton, et \u00e0 faire rayonner la culture bretonne \u00e0 travers le monde\u00a0\u00bb, comme l\u2019a rappel\u00e9 le maire de Carhaix, Christian Troadec.<\/p>\n<p><img decoding=\"async\" src=\"https:\/\/www.europesays.com\/fr\/wp-content\/uploads\/2025\/06\/684346738b816bb9180238da.1.jpeg\" width=\"480\" height=\"300\" class=\"web_golden_m\" loading=\"lazy\" alt=\"\u00c0 l\u2019issue de la c\u00e9r\u00e9monie, Alan Stivell a \u00e9t\u00e9 litt\u00e9ralement happ\u00e9 par ses fans au pied de sa statue, se laissant prendre en photo pendant une bonne vingtaine de minutes.\"\/>\u00c0 l\u2019issue de la c\u00e9r\u00e9monie, Alan Stivell a \u00e9t\u00e9 litt\u00e9ralement happ\u00e9 par ses fans au pied de sa statue, se laissant prendre en photo pendant une bonne vingtaine de minutes. (Le T\u00e9l\u00e9gramme\/Jean-No\u00ebl Potin)Alan Stivell honor\u00e9<\/p>\n<p>La sculpture, un bronze r\u00e9alis\u00e9 par Elisabeth Cibot, a pris place sur le parvis du Ch\u00e2teau Rouge, si\u00e8ge de l\u2019\u00c9cole de musique du Poher et de la m\u00e9diath\u00e8que. \u00ab\u00a0Que chaque petit Breton qui franchira ces portes puisse trouver mati\u00e8re \u00e0 r\u00e9flexion et inspiration\u00a0\u00bb, a soulign\u00e9 l\u2019\u00e9dile. L\u2019artiste install\u00e9e \u00e0 Nogent-sur-Marne (94) a repr\u00e9sent\u00e9 Stivell avec sa harpe, incontournable de son identit\u00e9. Visiblement \u00e9mu, Alan Stivell s\u2019est dit honor\u00e9 de cet hommage et a m\u00eame estim\u00e9 que \u00ab\u00a0l\u2019\u0153uvre sublime le mod\u00e8le\u00a0\u00bb, avant d\u2019entonner, a cappella, un \u00ab\u00a0Bro Gozh ma Zado\u00f9\u00a0\u00bb repris en ch\u0153ur par la foule.<\/p>\n<p>Carhaix continuera de c\u00e9l\u00e9brer Alan Stivell ce samedi. Le centre-ville sera en effet le th\u00e9\u00e2tre d\u2018une grande f\u00eate avec en point d\u2019orgue le concert-\u00e9v\u00e9nement de l\u2019artiste \u00e0 20\u00a0h, place de la mairie. La jauge sera limit\u00e9e \u00e0 3\u00a0000 personnes et l\u2019acc\u00e8s se fera par la place d\u2019Aiguillon. Ce concert tr\u00e8s attendu sera pr\u00e9c\u00e9d\u00e9 d\u2019un rassemblement de sonneurs, et suivi d\u2019un fest-noz.<\/p>\n","protected":false},"excerpt":{"rendered":"Ils sont peu nombreux, ceux qui peuvent inaugurer en personne une statue \u00e9rig\u00e9e \u00e0 leur seule gloire. C\u2018est&hellip;\n","protected":false},"author":2,"featured_media":157542,"comment_status":"","ping_status":"","sticky":false,"template":"","format":"standard","meta":{"footnotes":""},"categories":[1358],"tags":[5935,1348,1384,1385,829,5934,251,1386,58,765,59,1011,27,873],"class_list":{"0":"post-157541","1":"post","2":"type-post","3":"status-publish","4":"format-standard","5":"has-post-thumbnail","7":"category-arts-et-design","8":"tag-alan-stivell","9":"tag-arts","10":"tag-arts-and-design","11":"tag-arts-et-design","12":"tag-bretagne","13":"tag-carhaix-plouguer","14":"tag-culture","15":"tag-design","16":"tag-divertissement","17":"tag-en-continu","18":"tag-entertainment","19":"tag-fr","20":"tag-france","21":"tag-musique"},"share_on_mastodon":{"url":"https:\/\/pubeurope.com\/@fr\/114638704203245940","error":""},"_links":{"self":[{"href":"https:\/\/www.europesays.com\/fr\/wp-json\/wp\/v2\/posts\/157541","targetHints":{"allow":["GET"]}}],"collection":[{"href":"https:\/\/www.europesays.com\/fr\/wp-json\/wp\/v2\/posts"}],"about":[{"href":"https:\/\/www.europesays.com\/fr\/wp-json\/wp\/v2\/types\/post"}],"author":[{"embeddable":true,"href":"https:\/\/www.europesays.com\/fr\/wp-json\/wp\/v2\/users\/2"}],"replies":[{"embeddable":true,"href":"https:\/\/www.europesays.com\/fr\/wp-json\/wp\/v2\/comments?post=157541"}],"version-history":[{"count":0,"href":"https:\/\/www.europesays.com\/fr\/wp-json\/wp\/v2\/posts\/157541\/revisions"}],"wp:featuredmedia":[{"embeddable":true,"href":"https:\/\/www.europesays.com\/fr\/wp-json\/wp\/v2\/media\/157542"}],"wp:attachment":[{"href":"https:\/\/www.europesays.com\/fr\/wp-json\/wp\/v2\/media?parent=157541"}],"wp:term":[{"taxonomy":"category","embeddable":true,"href":"https:\/\/www.europesays.com\/fr\/wp-json\/wp\/v2\/categories?post=157541"},{"taxonomy":"post_tag","embeddable":true,"href":"https:\/\/www.europesays.com\/fr\/wp-json\/wp\/v2\/tags?post=157541"}],"curies":[{"name":"wp","href":"https:\/\/api.w.org\/{rel}","templated":true}]}}