{"id":157543,"date":"2025-06-06T22:09:23","date_gmt":"2025-06-06T22:09:23","guid":{"rendered":"https:\/\/www.europesays.com\/fr\/157543\/"},"modified":"2025-06-06T22:09:23","modified_gmt":"2025-06-06T22:09:23","slug":"avricourt-une-boite-a-livres-installee-grande-rue","status":"publish","type":"post","link":"https:\/\/www.europesays.com\/fr\/157543\/","title":{"rendered":"Avricourt. Une bo\u00eete \u00e0 livres install\u00e9e grande rue"},"content":{"rendered":"<p>Elle est encore bien peu achaland\u00e9e mais elle va r\u00e9jouir les amateurs de litt\u00e9rature qui ne peuvent se d\u00e9placer. Une bo\u00eete \u00e0 livres en libre-service a \u00e9t\u00e9 install\u00e9e dans la grande rue, en face de l\u2019\u00e9glise. On peut venir y chercher et y apporter des livres \u00e0 partager. Cette bonne id\u00e9e pourrait encore \u00eatre am\u00e9lior\u00e9e par la pose d\u2019une vitre afin d\u2019\u00e9viter aux livres d\u2019\u00eatre endommag\u00e9s par la pluie.<\/p>\n","protected":false},"excerpt":{"rendered":"Elle est encore bien peu achaland\u00e9e mais elle va r\u00e9jouir les amateurs de litt\u00e9rature qui ne peuvent se&hellip;\n","protected":false},"author":2,"featured_media":157544,"comment_status":"","ping_status":"","sticky":false,"template":"","format":"standard","meta":{"footnotes":""},"categories":[1357],"tags":[28858,1379,9724,1687,58,1707,59,1011,27,1380,2410],"class_list":{"0":"post-157543","1":"post","2":"type-post","3":"status-publish","4":"format-standard","5":"has-post-thumbnail","7":"category-livres","8":"tag-avricourt","9":"tag-books","10":"tag-cc-de-vezouze-en-piemont-54a","11":"tag-culture-loisirs","12":"tag-divertissement","13":"tag-edition-luneville","14":"tag-entertainment","15":"tag-fr","16":"tag-france","17":"tag-livres","18":"tag-livres-bd"},"share_on_mastodon":{"url":"https:\/\/pubeurope.com\/@fr\/114638707998595182","error":""},"_links":{"self":[{"href":"https:\/\/www.europesays.com\/fr\/wp-json\/wp\/v2\/posts\/157543","targetHints":{"allow":["GET"]}}],"collection":[{"href":"https:\/\/www.europesays.com\/fr\/wp-json\/wp\/v2\/posts"}],"about":[{"href":"https:\/\/www.europesays.com\/fr\/wp-json\/wp\/v2\/types\/post"}],"author":[{"embeddable":true,"href":"https:\/\/www.europesays.com\/fr\/wp-json\/wp\/v2\/users\/2"}],"replies":[{"embeddable":true,"href":"https:\/\/www.europesays.com\/fr\/wp-json\/wp\/v2\/comments?post=157543"}],"version-history":[{"count":0,"href":"https:\/\/www.europesays.com\/fr\/wp-json\/wp\/v2\/posts\/157543\/revisions"}],"wp:featuredmedia":[{"embeddable":true,"href":"https:\/\/www.europesays.com\/fr\/wp-json\/wp\/v2\/media\/157544"}],"wp:attachment":[{"href":"https:\/\/www.europesays.com\/fr\/wp-json\/wp\/v2\/media?parent=157543"}],"wp:term":[{"taxonomy":"category","embeddable":true,"href":"https:\/\/www.europesays.com\/fr\/wp-json\/wp\/v2\/categories?post=157543"},{"taxonomy":"post_tag","embeddable":true,"href":"https:\/\/www.europesays.com\/fr\/wp-json\/wp\/v2\/tags?post=157543"}],"curies":[{"name":"wp","href":"https:\/\/api.w.org\/{rel}","templated":true}]}}