{"id":157553,"date":"2025-06-06T22:15:19","date_gmt":"2025-06-06T22:15:19","guid":{"rendered":"https:\/\/www.europesays.com\/fr\/157553\/"},"modified":"2025-06-06T22:15:19","modified_gmt":"2025-06-06T22:15:19","slug":"linfluenceuse-maeva-ghennam-devoile-avoir-fait-un-burn-out","status":"publish","type":"post","link":"https:\/\/www.europesays.com\/fr\/157553\/","title":{"rendered":"L\u2019influenceuse Maeva Ghennam d\u00e9voile avoir fait un burn-out"},"content":{"rendered":"<p> \u00abDepuis plusieurs semaines, je m\u2019\u00e9teins. Lentement. Silencieusement\u00a0\u00bb, a \u00e9crit <a href=\"https:\/\/www.20minutes.fr\/faits_divers\/faits-divers-marseille\/4109072-20240909-marseille-domicile-influenceuse-maeva-ghennam-vise-tirs-incendie\" class=\"color-ultramarine c-link\" rel=\"nofollow noopener\" target=\"_blank\">Maeva Ghennam<\/a> dans une story post\u00e9e <a href=\"https:\/\/www.instagram.com\/maevaa.ghennam\/?hl=fr\" target=\"_blank\" class=\"color-ultramarine c-link\" rel=\"nofollow noopener\">sur Instagram<\/a> jeudi soir. Dans plusieurs messages, l\u2019influenceuse de 28 ans, connue notamment pour avoir particip\u00e9 \u00e0 l\u2019\u00e9mission de t\u00e9l\u00e9r\u00e9alit\u00e9 \u00ab\u00a0<a href=\"https:\/\/www.20minutes.fr\/television\/marseillais\/\" class=\"color-ultramarine c-link\" rel=\"nofollow noopener\" target=\"_blank\">Les Marseillais<\/a>\u00a0\u00bb, a r\u00e9v\u00e9l\u00e9 la raison de son absence des r\u00e9seaux sociaux depuis plusieurs jours.<\/p>\n<p>\u00ab\u00a0J\u2019ai fait un <a href=\"https:\/\/www.20minutes.fr\/sante\/3288279-20220512-sante-mentale-burn-out-syndrome-tres-contagieux-chez-internes-medecine\" class=\"color-ultramarine c-link\" rel=\"nofollow noopener\" target=\"_blank\">burn-out<\/a>. Un vrai. Pas un mot \u00e0 la mode. Pas une excuse. Un effondrement. Physique. Mental. Emotionnel\u00a0\u00bb, a-t-elle expliqu\u00e9, ajoutant avoir eu des \u00ab\u00a0id\u00e9es noires\u00a0\u00bb, \u00ab\u00a0des pens\u00e9es que je ne pensais jamais conna\u00eetre un jour\u00a0\u00bb.<\/p>\n<p>\u00ab\u00a0Prenez soin de votre sant\u00e9 mentale\u00a0\u00bb<\/p>\n<p>Dans un autre post, elle explique comment cela a d\u00e9but\u00e9\u00a0: \u00ab\u00a0J\u2019ai commenc\u00e9 \u00e0 sentir que quelque chose n\u2019allait pas. Puis tout est all\u00e9 tr\u00e8s vite. Mon corps m\u2019a l\u00e2ch\u00e9e. Ma t\u00eate a cri\u00e9 stop. Je n\u2019arrivais plus \u00e0 sortir. Plus \u00e0 me lever. Je restais dans mon lit, les volets ferm\u00e9s, le c\u0153ur en vrac.\u00a0\u00bb Elle pr\u00e9cise \u00e9galement \u00eatre \u00ab\u00a0entour\u00e9e\u00a0\u00bb mais se sentir \u00ab\u00a0seule\u00a0\u00bb.<\/p>\n<\/p>\n<p>A la fin de ses messages, Maeva Ghennam souligne ne pas \u00e9crire cela \u00ab\u00a0pour faire [son] retour. Je ne sais m\u00eame pas si je suis pr\u00eate. Mais j\u2019\u00e9cris \u00e7a pour que vous sachiez. Pour que vous compreniez que personne n\u2019est \u00e0 l\u2019abri. Pas m\u00eame ceux qui brillent \u00e0 l\u2019\u00e9cran\u00a0\u00bb. \u00ab\u00a0Prenez soin de votre <a href=\"https:\/\/www.20minutes.fr\/sante\/sante-mentale\/\" class=\"color-ultramarine c-link\" rel=\"nofollow noopener\" target=\"_blank\">sant\u00e9 mentale<\/a>\u00a0\u00bb, ajoute-t-elle.<\/p>\n<p><script async src=\"\/\/www.instagram.com\/embed.js\"><\/script><\/p>\n","protected":false},"excerpt":{"rendered":"\u00abDepuis plusieurs semaines, je m\u2019\u00e9teins. Lentement. Silencieusement\u00a0\u00bb, a \u00e9crit Maeva Ghennam dans une story post\u00e9e sur Instagram jeudi&hellip;\n","protected":false},"author":2,"featured_media":157554,"comment_status":"","ping_status":"","sticky":false,"template":"","format":"standard","meta":{"footnotes":""},"categories":[8],"tags":[7261,7904,58,59,1011,27,2438,2440,12434,973,2072],"class_list":{"0":"post-157553","1":"post","2":"type-post","3":"status-publish","4":"format-standard","5":"has-post-thumbnail","7":"category-divertissement","8":"tag-burn-out","9":"tag-by-the-web","10":"tag-divertissement","11":"tag-entertainment","12":"tag-fr","13":"tag-france","14":"tag-influenceur","15":"tag-instagram","16":"tag-les-marseillais","17":"tag-people","18":"tag-sante-mentale"},"share_on_mastodon":{"url":"https:\/\/pubeurope.com\/@fr\/114638731654501969","error":""},"_links":{"self":[{"href":"https:\/\/www.europesays.com\/fr\/wp-json\/wp\/v2\/posts\/157553","targetHints":{"allow":["GET"]}}],"collection":[{"href":"https:\/\/www.europesays.com\/fr\/wp-json\/wp\/v2\/posts"}],"about":[{"href":"https:\/\/www.europesays.com\/fr\/wp-json\/wp\/v2\/types\/post"}],"author":[{"embeddable":true,"href":"https:\/\/www.europesays.com\/fr\/wp-json\/wp\/v2\/users\/2"}],"replies":[{"embeddable":true,"href":"https:\/\/www.europesays.com\/fr\/wp-json\/wp\/v2\/comments?post=157553"}],"version-history":[{"count":0,"href":"https:\/\/www.europesays.com\/fr\/wp-json\/wp\/v2\/posts\/157553\/revisions"}],"wp:featuredmedia":[{"embeddable":true,"href":"https:\/\/www.europesays.com\/fr\/wp-json\/wp\/v2\/media\/157554"}],"wp:attachment":[{"href":"https:\/\/www.europesays.com\/fr\/wp-json\/wp\/v2\/media?parent=157553"}],"wp:term":[{"taxonomy":"category","embeddable":true,"href":"https:\/\/www.europesays.com\/fr\/wp-json\/wp\/v2\/categories?post=157553"},{"taxonomy":"post_tag","embeddable":true,"href":"https:\/\/www.europesays.com\/fr\/wp-json\/wp\/v2\/tags?post=157553"}],"curies":[{"name":"wp","href":"https:\/\/api.w.org\/{rel}","templated":true}]}}