{"id":157555,"date":"2025-06-06T22:16:10","date_gmt":"2025-06-06T22:16:10","guid":{"rendered":"https:\/\/www.europesays.com\/fr\/157555\/"},"modified":"2025-06-06T22:16:10","modified_gmt":"2025-06-06T22:16:10","slug":"switch-2-les-problemes-de-joy-con-drift-de-retour-sur-la-nouvelle-console-de-nintendo-actu","status":"publish","type":"post","link":"https:\/\/www.europesays.com\/fr\/157555\/","title":{"rendered":"Switch 2 : les probl\u00e8mes de Joy-Con Drift de retour sur la nouvelle console de Nintendo ? &#8211; Actu"},"content":{"rendered":"<p>En r\u00e9sum\u00e9<\/p>\n<ul class=\"gk__text__list\">\n<li>Le d\u00e9montage des Joy-Con 2 montre l\u2019usage des potentiom\u00e8tres sujets au drift.<\/li>\n<li>Aucune trace de capteurs Hall ni de technologie TMR.<\/li>\n<li>Les recours judiciaires pass\u00e9s n\u2019ont pas suffi.<\/li>\n<\/ul>\n<p class=\"gk__text__p\">Horrible \u00e9p\u00e9e de Damocl\u00e8s pesant sur les joueurs de Nintendo Switch 1 (et sur les usagers de sticks analogiques au sens large), <a href=\"https:\/\/www.gamekult.com\/actualite\/joy-con-drift-les-associations-de-consommateurs-europeennes-se-mobilisent-contre-nintendo-3050835435.html\" rel=\"nofollow noopener\" target=\"_blank\">le Joy-Con Drift<\/a> entra\u00eene un d\u00e9placement fant\u00f4me du stick analogique, rendant injouables la plupart des jeux. Depuis 2021, plus de 25 000 signalements europ\u00e9ens ont conduit le BEUC (Bureau europ\u00e9en des unions de consommateurs) \u00e0 saisir Bruxelles pour obsolescence programm\u00e9e, tandis que plusieurs class actions am\u00e9ricaines estimaient le pr\u00e9judice \u00e0 plusieurs millions de dollars. Nintendo avait r\u00e9pliqu\u00e9 par des r\u00e9parations gratuites \u00ab \u00e0 vie \u00bb, mais sans revoir le design fondamental. L\u2019arriv\u00e9e de la Switch 2, commercialis\u00e9e le 5 juin 2025, \u00e9tait donc per\u00e7ue comme l\u2019examen final d\u2019une promesse industrielle : r\u00e9parer le pass\u00e9 pour rassurer l\u2019avenir. Et <a href=\"https:\/\/www.gamekult.com\/actualite\/la-switch-2-souffrira-t-elle-aussi-du-joy-con-drift-nintendo-evite-de-repondre-directement-3050863070.html\" rel=\"nofollow noopener\" target=\"_blank\">Big N avait soigneusement \u00e9vit\u00e9 le sujet.<\/a>..<\/p>\n<p class=\"gk__text__p\">Le verdict est tomb\u00e9 dans le 6 juin. En \u00e9cartant la coque du nouveau Joy-Con, les \u00e9quipes d\u2019<a target=\"_blank\" href=\"https:\/\/www.ifixit.com\/News\/110926\/switch-2-teardown\" rel=\"noopener noreferrer nofollow\">iFixit<\/a> ont d\u00e9couvert un stick quasi identique \u00e0 celui de 2017 : m\u00eame piste en graphite, m\u00eame patin de contact, m\u00eame vuln\u00e9rabilit\u00e9 \u00e0 l\u2019usure et aux particules de poussi\u00e8re. iFixit a pr\u00e9cis\u00e9 que le module entier est plus difficile \u00e0 atteindre qu\u2019auparavant, la nappe \u00e9tant soud\u00e9e sous d\u2019autres composants, ce qui fait passer la note de r\u00e9parabilit\u00e9 de 4\/10 \u00e0 3\/10. Aucune documentation officielle ni pi\u00e8ces d\u00e9tach\u00e9es n\u2019accompagnent pour l\u2019heure la console.<\/p>\n<p class=\"gk__text__p\">Nintendo avait pourtant laiss\u00e9 filtrer l\u2019\u00e9tude d\u2019un brevet int\u00e9grant un capteur magn\u00e9tique Hall, cens\u00e9 \u00e9liminer le contact physique source d\u2019abrasion. Mais dans son analyse, iFixit a jug\u00e9 cette option incompatible avec le nouveau syst\u00e8me d\u2019attache magn\u00e9tique des Joy-Con 2, car les puissants aimants qui verrouillent la manette sur les rails lat\u00e9raux cr\u00e9eraient des interf\u00e9rences de mesure. Quant \u00e0 la technologie TMR (Tunnel Magneto-Resistance), plus tol\u00e9rante, elle reste \u00e0 l\u2019\u00e9tat d\u2019hypoth\u00e8se et n\u2019appara\u00eet dans aucun des exemplaires de production d\u00e9mont\u00e9s \u00e0 ce jour.<\/p>\n<p class=\"gk__text__p\">La r\u00e9apparition du Joy-Con Drift sur la Switch 2 pourrait relancer les tensions juridiques autour de Nintendo. Les promesses de r\u00e9parations gratuites ne suffisent plus face \u00e0 un d\u00e9faut non corrig\u00e9 sur du mat\u00e9riel neuf. La complexit\u00e9 accrue des Joy-Con rend leur remplacement difficile, limitant les recours pour les utilisateurs. Plus largement, la r\u00e9parabilit\u00e9 de la console recule, avec des choix de conception qui enferment les joueurs dans un \u00e9cosyst\u00e8me ferm\u00e9. Composants soud\u00e9s, absence de pi\u00e8ces d\u00e9tach\u00e9es et documentation limit\u00e9e vont \u00e0 l\u2019encontre des normes \u00e9mergentes sur le droit \u00e0 la r\u00e9paration. En refusant d\u2019accompagner ce mouvement, Nintendo prend le risque de se manger une nouvelle vol\u00e9e de bois vert de la part des unions de consommateurs.<\/p>\n<ul class=\"gk__text__list\">\n<li>\n<strong>\u00c0 lire \u00e9galement |<\/strong> <a href=\"https:\/\/www.gamekult.com\/actualite\/avec-la-sortie-de-la-nintendo-switch-2-quel-avenir-pour-la-switch-3050864092.html\" rel=\"nofollow noopener\" target=\"_blank\">Avec la sortie de la Nintendo Switch 2, quel avenir pour la Switch ? <\/a>\n<\/li>\n<li>\n<strong>\u00c0 lire \u00e9galement |<\/strong><a href=\"https:\/\/www.gamekult.com\/actualite\/switch-2-nintendo-met-a-jour-ses-jeux-switch-retrocompatibles-3050863924.html\" rel=\"nofollow noopener\" target=\"_blank\">Switch 2 : Nintendo met \u00e0 jour ses jeux Switch r\u00e9trocompatibles<\/a>\n<\/li>\n<\/ul>\n","protected":false},"excerpt":{"rendered":"En r\u00e9sum\u00e9 Le d\u00e9montage des Joy-Con 2 montre l\u2019usage des potentiom\u00e8tres sujets au drift. Aucune trace de capteurs&hellip;\n","protected":false},"author":2,"featured_media":157556,"comment_status":"","ping_status":"","sticky":false,"template":"","format":"standard","meta":{"footnotes":""},"categories":[7],"tags":[1011,27,43,40,41,39,42,44],"class_list":{"0":"post-157555","1":"post","2":"type-post","3":"status-publish","4":"format-standard","5":"has-post-thumbnail","7":"category-sciences-et-technologies","8":"tag-fr","9":"tag-france","10":"tag-science","11":"tag-science-and-technology","12":"tag-sciences","13":"tag-sciences-et-technologies","14":"tag-technologies","15":"tag-technology"},"share_on_mastodon":{"url":"https:\/\/pubeurope.com\/@fr\/114638735530462763","error":""},"_links":{"self":[{"href":"https:\/\/www.europesays.com\/fr\/wp-json\/wp\/v2\/posts\/157555","targetHints":{"allow":["GET"]}}],"collection":[{"href":"https:\/\/www.europesays.com\/fr\/wp-json\/wp\/v2\/posts"}],"about":[{"href":"https:\/\/www.europesays.com\/fr\/wp-json\/wp\/v2\/types\/post"}],"author":[{"embeddable":true,"href":"https:\/\/www.europesays.com\/fr\/wp-json\/wp\/v2\/users\/2"}],"replies":[{"embeddable":true,"href":"https:\/\/www.europesays.com\/fr\/wp-json\/wp\/v2\/comments?post=157555"}],"version-history":[{"count":0,"href":"https:\/\/www.europesays.com\/fr\/wp-json\/wp\/v2\/posts\/157555\/revisions"}],"wp:featuredmedia":[{"embeddable":true,"href":"https:\/\/www.europesays.com\/fr\/wp-json\/wp\/v2\/media\/157556"}],"wp:attachment":[{"href":"https:\/\/www.europesays.com\/fr\/wp-json\/wp\/v2\/media?parent=157555"}],"wp:term":[{"taxonomy":"category","embeddable":true,"href":"https:\/\/www.europesays.com\/fr\/wp-json\/wp\/v2\/categories?post=157555"},{"taxonomy":"post_tag","embeddable":true,"href":"https:\/\/www.europesays.com\/fr\/wp-json\/wp\/v2\/tags?post=157555"}],"curies":[{"name":"wp","href":"https:\/\/api.w.org\/{rel}","templated":true}]}}