{"id":157561,"date":"2025-06-06T22:19:09","date_gmt":"2025-06-06T22:19:09","guid":{"rendered":"https:\/\/www.europesays.com\/fr\/157561\/"},"modified":"2025-06-06T22:19:09","modified_gmt":"2025-06-06T22:19:09","slug":"la-famille-de-gaulle-va-remettre-a-letat-le-manuscrit-de-lappel-du-18-juin","status":"publish","type":"post","link":"https:\/\/www.europesays.com\/fr\/157561\/","title":{"rendered":"La famille de Gaulle va remettre \u00e0 l&rsquo;\u00c9tat le manuscrit de l&rsquo;Appel du 18 juin"},"content":{"rendered":"<p>La famille a d\u00e9cid\u00e9 en outre de faire don de \u00abpr\u00e8s de 1300 documents manuscrits ou dactylographi\u00e9s du g\u00e9n\u00e9ral de Gaulle\u00bb.<\/p>\n<p class=\"fig-paragraph\">La famille de Gaulle va remettre \u00e0 l&rsquo;\u00c9tat le manuscrit de\u00a0<a href=\"http:\/\/www.lefigaro.fr\/elections\/legislatives\/appel-du-18-juin-emmanuel-macron-honore-ceux-qui-ont-su-resister-a-la-defaite-20240618\" target=\"_blank\" data-fig-type=\"Article\" rel=\"noopener\" data-gtm-custom-categorie=\"navigation\" data-gtm-custom-action=\"crossclick\" data-gtm-custom-label=\"Contextuel\" data-gtm-event=\"customEventSPE\" data-fig-domain=\"LEFIGARO\">l&rsquo;Appel du 18 juin<\/a>, o\u00f9 Charles de Gaulle exhorte en 1940 \u00e0 r\u00e9sister \u00e0 l&rsquo;Allemagne nazie, a indiqu\u00e9 vendredi la maison d&rsquo;ench\u00e8res Artcurial. Une c\u00e9r\u00e9monie est pr\u00e9vue le 12 juin chez cette maison d&rsquo;ench\u00e8res qui, en d\u00e9cembre, s&rsquo;\u00e9tait occup\u00e9e de la vente de la succession du fils a\u00een\u00e9, l&rsquo;amiral\u00a0<a href=\"http:\/\/www.lefigaro.fr\/politique\/hommage-a-philippe-de-gaulle-pourquoi-macron-celebre-de-plus-en-plus-les-personnalites-disparues-20240319\" target=\"_blank\" data-fig-type=\"Article\" rel=\"noopener\" data-gtm-custom-categorie=\"navigation\" data-gtm-custom-action=\"crossclick\" data-gtm-custom-label=\"Contextuel\" data-gtm-event=\"customEventSPE\" data-fig-domain=\"LEFIGARO\">Philippe de Gaulle<\/a>, d\u00e9c\u00e9d\u00e9 \u00e0 102 ans, en mars 2024. La famille a d\u00e9cid\u00e9 en outre de faire don de \u00abpr\u00e8s de 1300 documents manuscrits ou dactylographi\u00e9s du g\u00e9n\u00e9ral de Gaulle\u00bb, a pr\u00e9cis\u00e9 Artcurial.<\/p>\n<p class=\"fig-paragraph\">Le manuscrit de l&rsquo;appel lanc\u00e9 depuis Londres le 18 juin 1940, sur les ondes de la BBC, avait \u00e9t\u00e9 expos\u00e9 pour la premi\u00e8re fois avant cette vente aux ench\u00e8res. Il n&rsquo;\u00e9tait pas \u00e0 vendre. Les deux feuilles recto-verso, avec de nombreuses ratures, ont \u00e9t\u00e9 d&rsquo;abord conserv\u00e9es par<a href=\"https:\/\/www.lefigaro.fr\/histoire\/archives\/yvonne-de-gaulle-la-discrete-s-eteignit-le-8-novembre-1979-20191107\" target=\"_blank\" data-fig-type=\"Article\" rel=\"noopener\" data-gtm-custom-categorie=\"navigation\" data-gtm-custom-action=\"crossclick\" data-gtm-custom-label=\"Contextuel\" data-gtm-event=\"customEventSPE\" data-fig-domain=\"LEFIGARO\">\u00a0Yvonne de Gaulle<\/a>, et sont ensuite pass\u00e9es par des coffres de banque.<\/p>\n<p class=\"fig-paragraph\">Charles de Gaulle, promu g\u00e9n\u00e9ral lors des combats contre l&rsquo;invasion allemande lanc\u00e9e en mai 1940, quitte la France en avion pour l&rsquo;Angleterre le 17 juin, \u00e9tant hostile au choix de Philippe P\u00e9tain comme chef de gouvernement et \u00e0 l&rsquo;id\u00e9e d&rsquo;un armistice. Le 18, \u00e0 18h30, \u00e0 tous les autres Fran\u00e7ais ayant fait ce m\u00eame choix, il lance un appel \u00e0 le rejoindre et il affirme: \u00abQuoi qu&rsquo;il arrive, la flamme de la r\u00e9sistance fran\u00e7aise ne doit pas s&rsquo;\u00e9teindre et ne s&rsquo;\u00e9teindra pas\u00bb.<\/p>\n","protected":false},"excerpt":{"rendered":"La famille a d\u00e9cid\u00e9 en outre de faire don de \u00abpr\u00e8s de 1300 documents manuscrits ou dactylographi\u00e9s du&hellip;\n","protected":false},"author":2,"featured_media":157562,"comment_status":"","ping_status":"","sticky":false,"template":"","format":"standard","meta":{"footnotes":""},"categories":[4],"tags":[28859,47,11,1350,1348,14508,1345,650,251,1349,1346,1011,27,1351,873,12,25,252,1347,1352],"class_list":{"0":"post-157561","1":"post","2":"type-post","3":"status-publish","4":"format-standard","5":"has-post-thumbnail","7":"category-france","8":"tag-18-juin","9":"tag-actualite","10":"tag-actualites","11":"tag-architecture","12":"tag-arts","13":"tag-charles-de-gaulle","14":"tag-cine","15":"tag-cinema","16":"tag-culture","17":"tag-expositions","18":"tag-films","19":"tag-fr","20":"tag-france","21":"tag-litterature","22":"tag-musique","23":"tag-news","24":"tag-republique-francaise","25":"tag-television","26":"tag-theatre","27":"tag-urbanisme"},"share_on_mastodon":{"url":"https:\/\/pubeurope.com\/@fr\/114638747393618550","error":""},"_links":{"self":[{"href":"https:\/\/www.europesays.com\/fr\/wp-json\/wp\/v2\/posts\/157561","targetHints":{"allow":["GET"]}}],"collection":[{"href":"https:\/\/www.europesays.com\/fr\/wp-json\/wp\/v2\/posts"}],"about":[{"href":"https:\/\/www.europesays.com\/fr\/wp-json\/wp\/v2\/types\/post"}],"author":[{"embeddable":true,"href":"https:\/\/www.europesays.com\/fr\/wp-json\/wp\/v2\/users\/2"}],"replies":[{"embeddable":true,"href":"https:\/\/www.europesays.com\/fr\/wp-json\/wp\/v2\/comments?post=157561"}],"version-history":[{"count":0,"href":"https:\/\/www.europesays.com\/fr\/wp-json\/wp\/v2\/posts\/157561\/revisions"}],"wp:featuredmedia":[{"embeddable":true,"href":"https:\/\/www.europesays.com\/fr\/wp-json\/wp\/v2\/media\/157562"}],"wp:attachment":[{"href":"https:\/\/www.europesays.com\/fr\/wp-json\/wp\/v2\/media?parent=157561"}],"wp:term":[{"taxonomy":"category","embeddable":true,"href":"https:\/\/www.europesays.com\/fr\/wp-json\/wp\/v2\/categories?post=157561"},{"taxonomy":"post_tag","embeddable":true,"href":"https:\/\/www.europesays.com\/fr\/wp-json\/wp\/v2\/tags?post=157561"}],"curies":[{"name":"wp","href":"https:\/\/api.w.org\/{rel}","templated":true}]}}