{"id":157563,"date":"2025-06-06T22:20:09","date_gmt":"2025-06-06T22:20:09","guid":{"rendered":"https:\/\/www.europesays.com\/fr\/157563\/"},"modified":"2025-06-06T22:20:09","modified_gmt":"2025-06-06T22:20:09","slug":"jeune-de-17-ans-tue-a-dax-le-suspect-devient-le-seul-mineur-au-monde-a-faire-lobjet-dune-notice-rouge-dinterpol","status":"publish","type":"post","link":"https:\/\/www.europesays.com\/fr\/157563\/","title":{"rendered":"Jeune de 17\u00a0ans tu\u00e9 \u00e0 Dax\u00a0: le suspect devient le seul mineur au monde \u00e0 faire l\u2019objet d\u2019une notice rouge d\u2019Interpol"},"content":{"rendered":"<p class=\"paragraph text_align_left\">L\u2019auteur pr\u00e9sum\u00e9 de <a href=\"https:\/\/www.leparisien.fr\/faits-divers\/a-dax-un-garcon-de-17-ans-meurt-poignarde-en-marge-des-celebrations-de-la-ligue-des-champions-01-06-2025-O5665KYKDFGJLNLLY3M55RI5TQ.php\" target=\"_self\" rel=\"nofollow noopener\">l\u2019assassinat d\u2019un jeune de 17 ans<\/a> samedi \u00e0 Dax, lui aussi mineur, fait l\u2019objet d\u2019une <a href=\"https:\/\/www.leparisien.fr\/faits-divers\/fourgon-attaque-quest-ce-quune-notice-rouge-dinterpol-emise-a-lencontre-de-mohamed-amra-15-05-2024-VVTRUUWNMVC5REZGC2YX3BFMXI.php\" target=\"_self\" rel=\"nofollow noopener\">notice rouge d\u2019Interpol<\/a>, a-t-on appris vendredi d\u2019une source proche de l\u2019enqu\u00eate, confirmant une information du quotidien <a href=\"https:\/\/www.sudouest.fr\/\" target=\"_self\" rel=\"nofollow noopener\">Sud Ouest<\/a>.<\/p>\n<p class=\"paragraph text_align_left\">Ce jeune Fran\u00e7ais, \u00e2g\u00e9 de 16 ans, est le seul mineur r\u00e9f\u00e9renc\u00e9 par ces notices rouges qui indiquent le caract\u00e8re \u00ab dangereux \u00bb de la personne en fuite, selon cette m\u00eame source. Interrog\u00e9e, la procureure de Mont-de-Marsan, Alexa Dubourg, a refus\u00e9 de commenter cette information, indiquant seulement que \u00ab les investigations se poursuivent pour localiser le suspect et l\u2019interpeller \u00bb.<\/p>\n<p class=\"paragraph text_align_left\">La victime, tu\u00e9e de \u00ab multiples coups de couteau \u00bb dans le thorax samedi soir, en marge des <a href=\"https:\/\/www.leparisien.fr\/faits-divers\/victoire-du-psg-deux-morts-a-paris-et-dax-en-marge-des-celebrations-pres-de-560-interpellations-en-france-01-06-2025-PXZSR2P5HZBKRJ565ROUW2TNUM.php\" target=\"_self\" rel=\"nofollow noopener\">c\u00e9l\u00e9brations du sacre europ\u00e9en<\/a> du club de football Paris SG, avait un <a href=\"https:\/\/www.leparisien.fr\/faits-divers\/ado-tue-a-dax-le-mineur-poignarde-en-marge-du-sacre-du-psg-avait-un-contentieux-preexistant-avec-son-agresseur-03-06-2025-T3A7F4NA5ZCZNGP6O2KN2L7LBU.php\" target=\"_self\" rel=\"nofollow noopener\">\u00ab contentieux pr\u00e9existant \u00bb avec l\u2019auteur pr\u00e9sum\u00e9<\/a>, lui reprochant notamment le vol de sa casquette plusieurs jours auparavant, selon le procureur de Dax, Beno\u00eet Fontaine.<\/p>\n<p>Un geste pr\u00e9m\u00e9dit\u00e9 ?<\/p>\n<p class=\"paragraph text_align_left\">Mardi, le magistrat avait ainsi expliqu\u00e9 poursuivre l\u2019enqu\u00eate sous la qualification d\u2019assassinat, \u00ab l\u2019ant\u00e9riorit\u00e9 d\u2019un conflit entre l\u2019auteur et la victime pouvant laisser penser \u00e0 un geste pr\u00e9m\u00e9dit\u00e9 \u00bb.<\/p>\n<p class=\"paragraph text_align_left\">Les faits se sont produits samedi vers 23h00 \u00e0 proximit\u00e9 de la place de la Fontaine-Chaude, dans le centre de Dax, o\u00f9 se trouvaient plusieurs centaines de personnes venues suivre la finale de la Ligue des champions PSG-Inter Milan diffus\u00e9e par plusieurs bars, sans fan-zone officielle. L\u2019adolescent a \u00e9t\u00e9 poignard\u00e9 dans \u00ab une rue adjacente de la place \u00bb, peu fr\u00e9quent\u00e9e, selon le parquet, avant de succomber \u00e0 ses blessures \u00e0 l\u2019h\u00f4pital vers 01h15 dimanche.<\/p>\n<p class=\"lp-card-podcast-highlighting__title  lp-f-subtitle-05\">L\u2019enl\u00e8vement d\u2019\u00c9ric Peugeot, 4\u00a0ans, contre 1\u00a0million d\u2019euros (2\/2)<\/p>\n<p class=\"lp-card-podcast-highlighting__description lp-f-ui-05\">Crime story raconte chaque semaine les grandes affaires criminelles.<\/p>\n<p><a class=\"lp-card-podcast-highlighting__call-to-action\" data-page-type=\"HP\" data-block-name=\"podcast-highlight\">\u00c9couter<\/a><\/p>\n<p class=\"paragraph text_align_left\">Les notices rouges permettent de transmettre au r\u00e9seau <a href=\"https:\/\/www.leparisien.fr\/faits-divers\/fourgon-attaque-quest-ce-quune-notice-rouge-dinterpol-emise-a-lencontre-de-mohamed-amra-15-05-2024-VVTRUUWNMVC5REZGC2YX3BFMXI.php\" target=\"_self\" rel=\"nofollow noopener\">des avis de recherche internationaux<\/a> \u00e9mis par la justice d\u2019un pays \u00e0 l\u2019encontre de suspects d\u00e9sign\u00e9s sous le terme de \u00ab Wanted persons \u00bb (Personnes recherch\u00e9es) dans le but de faciliter leur interpellation.<\/p>\n","protected":false},"excerpt":{"rendered":"L\u2019auteur pr\u00e9sum\u00e9 de l\u2019assassinat d\u2019un jeune de 17 ans samedi \u00e0 Dax, lui aussi mineur, fait l\u2019objet d\u2019une&hellip;\n","protected":false},"author":2,"featured_media":73951,"comment_status":"","ping_status":"","sticky":false,"template":"","format":"standard","meta":{"footnotes":""},"categories":[2],"tags":[11,459,118,1011,27,12],"class_list":{"0":"post-157563","1":"post","2":"type-post","3":"status-publish","4":"format-standard","5":"has-post-thumbnail","7":"category-actualites","8":"tag-actualites","9":"tag-departements-horsidfo","10":"tag-faits-divers","11":"tag-fr","12":"tag-france","13":"tag-news"},"share_on_mastodon":{"url":"https:\/\/pubeurope.com\/@fr\/114638751210297418","error":""},"_links":{"self":[{"href":"https:\/\/www.europesays.com\/fr\/wp-json\/wp\/v2\/posts\/157563","targetHints":{"allow":["GET"]}}],"collection":[{"href":"https:\/\/www.europesays.com\/fr\/wp-json\/wp\/v2\/posts"}],"about":[{"href":"https:\/\/www.europesays.com\/fr\/wp-json\/wp\/v2\/types\/post"}],"author":[{"embeddable":true,"href":"https:\/\/www.europesays.com\/fr\/wp-json\/wp\/v2\/users\/2"}],"replies":[{"embeddable":true,"href":"https:\/\/www.europesays.com\/fr\/wp-json\/wp\/v2\/comments?post=157563"}],"version-history":[{"count":0,"href":"https:\/\/www.europesays.com\/fr\/wp-json\/wp\/v2\/posts\/157563\/revisions"}],"wp:featuredmedia":[{"embeddable":true,"href":"https:\/\/www.europesays.com\/fr\/wp-json\/wp\/v2\/media\/73951"}],"wp:attachment":[{"href":"https:\/\/www.europesays.com\/fr\/wp-json\/wp\/v2\/media?parent=157563"}],"wp:term":[{"taxonomy":"category","embeddable":true,"href":"https:\/\/www.europesays.com\/fr\/wp-json\/wp\/v2\/categories?post=157563"},{"taxonomy":"post_tag","embeddable":true,"href":"https:\/\/www.europesays.com\/fr\/wp-json\/wp\/v2\/tags?post=157563"}],"curies":[{"name":"wp","href":"https:\/\/api.w.org\/{rel}","templated":true}]}}