{"id":157564,"date":"2025-06-06T22:21:30","date_gmt":"2025-06-06T22:21:30","guid":{"rendered":"https:\/\/www.europesays.com\/fr\/157564\/"},"modified":"2025-06-06T22:21:30","modified_gmt":"2025-06-06T22:21:30","slug":"villars-contre-linsecurite-le-maire-veut-prendre-de-nouvelles-mesures","status":"publish","type":"post","link":"https:\/\/www.europesays.com\/fr\/157564\/","title":{"rendered":"Villars. Contre l\u2019ins\u00e9curit\u00e9, le maire veut prendre de nouvelles mesures"},"content":{"rendered":"<p>Depuis plusieurs mois, la commune est devenue le th\u00e9\u00e2tre d\u2019actes de vandalismes, de vols et de cambriolages. Avec son \u00e9quipe municipale, Jordan Da Silva, invite le conseil municipal \u00e0 se prononcer sur un v\u0153u, lors d\u2019une s\u00e9ance exceptionnelle du conseil municipal ce mardi en fin de journ\u00e9e.<\/p>\n<p>Le maire de Villars y pr\u00e9sentera les nouvelles mesures qu\u2019il souhaite mettre en place, dans la limite de ses comp\u00e9tences, et plaidera \u00ab\u00a0pour que les d\u00e9cideurs nationaux mettent en place une politique de s\u00e9curit\u00e9 plus ferme ainsi qu\u2019une r\u00e9ponse p\u00e9nale plus adapt\u00e9e \u00e0 la hauteur des enjeux de l\u2019\u00e9poque\u00a0\u00bb.<\/p>\n<p>Il veut ainsi \u00ab\u00a0modifier les horaires d\u2019interventions et les missions de la police municipale afin que les agents soient mobilis\u00e9s en grande priorit\u00e9 sur la s\u00e9curit\u00e9 au sein des quartiers en apr\u00e8s-midi et en soir\u00e9e. Les missions non prioritaires seront ajourn\u00e9es\u00a0\u00bb.<\/p>\n<p>  Engager une entreprise de s\u00e9curit\u00e9 priv\u00e9e pour mettre en place une patrouille mobile les nuits<\/p>\n<p>Autre mesure envisag\u00e9e : \u00ab Modifier les horaires de l\u2019\u00e9clairage public en supprimant la p\u00e9riode d\u2019extinction de 23 heures \u00e0 5 heures du matin pour une p\u00e9riode exceptionnelle de quatre mois. Puisque cette question rel\u00e8ve d\u2019une d\u00e9lib\u00e9ration du conseil municipal, les \u00e9lus seront invit\u00e9s \u00e0 se prononcer sur une d\u00e9lib\u00e9ration qui visera \u00e0 r\u00e9tablir l&rsquo;\u00e9clairage public sur une p\u00e9riode exceptionnelle de quatre mois.\u00a0\u00bb<\/p>\n<p>Il a aussi l&rsquo;intention d&rsquo;engager une entreprise de s\u00e9curit\u00e9 priv\u00e9e pour mettre en place une patrouille mobile les nuits sur le domaine public. \u00ab\u00a0Ceci ne sera possible qu\u2019apr\u00e8s avoir obtenu une autorisation de la part de Monsieur le pr\u00e9fet.\u00a0\u00bb<\/p>\n<p>Enfin, il veut lancer une \u00e9tude pour l\u2019implantation de cam\u00e9ras de vid\u00e9oprotection suppl\u00e9mentaires et r\u00e9unir les Voisins vigilants pour actualiser leur formation et lancer un appel \u00e0 candidatures dans les quartiers d\u00e9j\u00e0 identifi\u00e9s comme Voisins vigilants ainsi que dans ceux qui pourraient le devenir.<\/p>\n","protected":false},"excerpt":{"rendered":"Depuis plusieurs mois, la commune est devenue le th\u00e9\u00e2tre d\u2019actes de vandalismes, de vols et de cambriolages. Avec&hellip;\n","protected":false},"author":2,"featured_media":157565,"comment_status":"","ping_status":"","sticky":false,"template":"","format":"standard","meta":{"footnotes":""},"categories":[9653],"tags":[1111,11,2430,1984,7539,1777,674,1011,27,12,316,25,4001,9664,104,10246],"class_list":{"0":"post-157564","1":"post","2":"type-post","3":"status-publish","4":"format-standard","5":"has-post-thumbnail","7":"category-saint-etienne","8":"tag-actu","9":"tag-actualites","10":"tag-auvergne-rhone-alpes","11":"tag-conseil-municipal","12":"tag-edition-loire-sud","13":"tag-eu","14":"tag-europe","15":"tag-fr","16":"tag-france","17":"tag-news","18":"tag-politique","19":"tag-republique-francaise","20":"tag-saint-etienne","21":"tag-saint-etienne-bassin","22":"tag-societe","23":"tag-villars"},"share_on_mastodon":{"url":"https:\/\/pubeurope.com\/@fr\/114638755162112724","error":""},"_links":{"self":[{"href":"https:\/\/www.europesays.com\/fr\/wp-json\/wp\/v2\/posts\/157564","targetHints":{"allow":["GET"]}}],"collection":[{"href":"https:\/\/www.europesays.com\/fr\/wp-json\/wp\/v2\/posts"}],"about":[{"href":"https:\/\/www.europesays.com\/fr\/wp-json\/wp\/v2\/types\/post"}],"author":[{"embeddable":true,"href":"https:\/\/www.europesays.com\/fr\/wp-json\/wp\/v2\/users\/2"}],"replies":[{"embeddable":true,"href":"https:\/\/www.europesays.com\/fr\/wp-json\/wp\/v2\/comments?post=157564"}],"version-history":[{"count":0,"href":"https:\/\/www.europesays.com\/fr\/wp-json\/wp\/v2\/posts\/157564\/revisions"}],"wp:featuredmedia":[{"embeddable":true,"href":"https:\/\/www.europesays.com\/fr\/wp-json\/wp\/v2\/media\/157565"}],"wp:attachment":[{"href":"https:\/\/www.europesays.com\/fr\/wp-json\/wp\/v2\/media?parent=157564"}],"wp:term":[{"taxonomy":"category","embeddable":true,"href":"https:\/\/www.europesays.com\/fr\/wp-json\/wp\/v2\/categories?post=157564"},{"taxonomy":"post_tag","embeddable":true,"href":"https:\/\/www.europesays.com\/fr\/wp-json\/wp\/v2\/tags?post=157564"}],"curies":[{"name":"wp","href":"https:\/\/api.w.org\/{rel}","templated":true}]}}