{"id":15757,"date":"2025-04-10T19:58:11","date_gmt":"2025-04-10T19:58:11","guid":{"rendered":"https:\/\/www.europesays.com\/fr\/15757\/"},"modified":"2025-04-10T19:58:11","modified_gmt":"2025-04-10T19:58:11","slug":"la-mairie-de-paris-lance-une-inspection-et-appelle-a-la-vigilance","status":"publish","type":"post","link":"https:\/\/www.europesays.com\/fr\/15757\/","title":{"rendered":"la Mairie de Paris lance une inspection et appelle \u00e0 la vigilance"},"content":{"rendered":"<p>            Par<br \/>\n        <strong><br \/>\n            <a href=\"https:\/\/actu.fr\/auteur\/hugo-hancewicz\" title=\"Consulter tous les articles de Hugo Hancewicz\" rel=\"nofollow noopener\" target=\"_blank\">Hugo Hancewicz<\/a><br \/>\n        <\/strong><\/p>\n<p>        Publi\u00e9 le<\/p>\n<p>            9 avr. 2025 \u00e0 20h29        <\/p>\n<p>Un t\u00e9moignage qui fait du bruit. Mercredi 2 avril 2025, la journaliste Laur\u00e8ne Daycard poste un message sur son compte Instagram et <strong>raconte l\u2019agression qu\u2019elle a subie \u00e0 la piscine Georges Hermant<\/strong> (<a href=\"https:\/\/actu.fr\/paris\/\" rel=\"nofollow noopener\" target=\"_blank\">Paris<\/a>, 19e), la veille. Pris en flagrant d\u00e9lit de voyeurisme, un homme filmait la jeune femme avec son t\u00e9l\u00e9phone pendant qu\u2019elle se changeait dans les vestiaires. Son r\u00e9cit a beaucoup fait r\u00e9agir sur les r\u00e9seaux sociaux. De son c\u00f4t\u00e9, la Ville de Paris <strong>\u00ab\u2009condamne avec la plus grande fermet\u00e9\u2009\u00bb<\/strong> les faits et annonce \u00ab\u2009mener une inspection dans toutes ses piscines\u2009\u00bb, explique-t-elle \u00e0 actu Paris, confirmant des informations d\u2019<a href=\"https:\/\/www.francebleu.fr\/infos\/faits-divers-justice\/la-mairie-de-paris-lance-une-inspection-apres-l-arrestation-d-un-homme-qui-filmait-dans-les-vestiaires-a-la-piscine-5100175\" rel=\"nofollow noopener\" target=\"_blank\">Ici \u00cele-de-France<\/a>.<\/p>\n<p class=\" wall-content\">Selon <a href=\"https:\/\/france3-regions.francetvinfo.fr\/paris-ile-de-france\/paris\/on-est-en-train-de-me-filmer-un-homme-defere-pour-voyeurisme-dans-les-vestiaires-de-la-piscine-georges-hermant-a-paris-3136081.html\" rel=\"nofollow noopener\" target=\"_blank\">France 3 Paris \u00cele-de-France<\/a>, l\u2019homme a \u00e9t\u00e9 plac\u00e9 sous contr\u00f4le judiciaire et d\u00e9f\u00e9r\u00e9 en comparution imm\u00e9diate pour <strong>voyeurisme aggrav\u00e9 par fixation<\/strong>, enregistrement ou transmission d\u2019images.<\/p>\n<p>\u00ab\u2009J\u2019aper\u00e7ois un sac \u00e0 dos qui d\u00e9passe sous la cloison\u2009\u00bb<\/p>\n<p class=\" wall-content\">Dans son t\u00e9moignage, la victime retrace l\u2019\u00e9pisode de violences sexuelles qu\u2019elle a v\u00e9cu la veille. Un \u00ab\u2009inconnu [\u2026] s\u2019est faufil\u00e9 [\u2026] dans la cabine de piscine \u00e0 c\u00f4t\u00e9 de la mienne. Je me rhabille apr\u00e8s \u00eatre all\u00e9e nager [\u2026] <strong>quand j\u2019aper\u00e7ois un sac \u00e0 dos qui d\u00e9passe sous la cloison<\/strong>. [\u2026] Sauf que la lentille d\u2019un smartphone est positionn\u00e9e au niveau de ce trou\u2009\u00bb. \u00c0 ce moment, la journaliste se rappelle avoir cri\u00e9 de col\u00e8re\u2009\u00a0\u00bbmais, c\u2019est pas vrai, on est en train de me filmer\u2009!\u2009\u00bb, et tent\u00e9 de se d\u00e9fendre <strong>en tirant sur le sac<\/strong> et en s\u2019emparant du t\u00e9l\u00e9phone.<\/p>\n<p class=\" wall-content\">Dans son message sur Instagram, Laur\u00e8ne Daycard pr\u00e9cise que l\u2019homme a pass\u00e9 la nuit en garde-\u00e0-vue. Le lendemain, la journaliste relate \u00eatre retourn\u00e9 \u00e0 la piscine afin de \u00ab\u2009remercier les \u00e9quipes\u2009\u00bb et indique que <strong>17 signalements avaient d\u00e9j\u00e0 eu lieu ces derniers mois<\/strong> et que \u00ab\u2009le coup du petit trou dans le sac \u00e0 dos a d\u00e9j\u00e0 \u00e9t\u00e9 d\u00e9nonc\u00e9\u2009\u00bb. \u00ab\u2009Il a avou\u00e9, selon une source polici\u00e8re, <strong>filmer des femmes \u00e0 leur insu<\/strong>, mais aussi de \u00ab\u2009tr\u00e8s jeunes filles\u2009\u00bb. \u00c7a me glace le sang rien que de l\u2019\u00e9crire\u2009\u00bb, \u00e9crit-elle sur le r\u00e9seau social.<\/p>\n<p class=\" wall-content\">De son c\u00f4t\u00e9, la Ville assure \u00eatre \u00ab\u2009mobilis\u00e9e en faveur de <strong>la lutte contre les violences sexistes et sexuelles<\/strong>, notamment dans le sport depuis plusieurs ann\u00e9es. Le voyeurisme \u00e9tant identifi\u00e9 comme une des facettes des violences sexistes et sexuelles, <strong>il fait partie des sujets prioritaires trait\u00e9s dans ce domaine\u2009<\/strong>\u00bb.<\/p>\n<p>Vid\u00e9os : en ce moment sur Actu<\/p>\n<p class=\" wall-content\"><a href=\"https:\/\/www.instagram.com\/p\/DH9SE_zKFax\/embed\" title=\"Ouvrir le lien sur Instagram\" rel=\"nofollow noopener\" target=\"_blank\">Visualiser le contenu sur Instagram<\/a><\/p>\n<p>Une inspection dans toutes ses piscines<\/p>\n<p class=\" wall-content\">La municipalit\u00e9 rappelle qu\u2019elle a d\u00e9j\u00e0 mis en place des mesures pour garantir la s\u00e9curit\u00e9 des usagers. Dans tous les \u00e9quipements, \u00ab\u2009les agents d\u2019accueil, d\u2019entretien et les \u00e9ducateurs sont <strong>sensibilis\u00e9s \u00e0 la d\u00e9tection et \u00e0 la gestion de ces comportements<\/strong>\u2009\u00bb, explique-t-elle. Ainsi, elle s\u2019assure qu\u2019une formation a bien \u00e9t\u00e9 dispens\u00e9e r\u00e9cemment par son prestataire R\u00e9cr\u00e9a dans la piscine concern\u00e9e, mais aussi dans les \u00e9tablissements g\u00e9r\u00e9s en direct. Cette d\u00e9marche, en place depuis 2020, <strong>a \u00e9t\u00e9 renforc\u00e9e ces derniers mois par des formations sp\u00e9cifiques<\/strong> sur les violences sexistes et sexuelles.<\/p>\n<p class=\" wall-content\">Des affiches dans les piscines rappellent \u00e9galement les num\u00e9ros d\u2019urgence \u00e0 contacter. \u00ab\u2009La pr\u00e9sence r\u00e9guli\u00e8re d\u2019agents dans les vestiaires permet de surveiller les lieux et d\u2019intervenir rapidement si besoin\u2009\u00bb, poursuit-elle. Enfin, <strong>un contr\u00f4le quotidien est effectu\u00e9 par les agents techniques<\/strong> pour s\u2019assurer du bon \u00e9tat des cabines, serrures et sanitaires.<\/p>\n<p class=\" wall-content\">\u00c0 la suite du t\u00e9moignage de l\u2019usag\u00e8re de la piscine Hermant et compte tenu de la gravit\u00e9 des faits, la Ville de Paris annonce \u00ab\u2009prendre \u00e0 l\u2019encontre de leur auteur une <strong>mesure d\u2019exclusion de l\u2019int\u00e9gralit\u00e9 de ses piscines<\/strong>\u2009\u00bb. La municipalit\u00e9 compte \u00e9galement mener une inspection dans toutes ses piscines afin de v\u00e9rifier, de constater et de r\u00e9gler les \u00e9ventuels probl\u00e8mes de trous constat\u00e9s dans les parois des vestiaires, mais promet \u00e9galement de <strong>renforcer sa vigilance active<\/strong> par une pr\u00e9sence plus r\u00e9guli\u00e8re des agents dans les zones de vestiaires et la d\u00e9tection des comportements suspects.<\/p>\n<p class=\" wall-content\">Suivez toute l\u2019actualit\u00e9 de vos villes et m\u00e9dias favoris en vous inscrivant \u00e0 <a href=\"https:\/\/moncompte.actu.fr\" title=\"D\u00e9couvez Mon Actu\" rel=\"nofollow noopener\" data-trk=\"{&quot;cta&quot;:{&quot;action&quot;:&quot;https:\\\/\\\/moncompte.actu.fr&quot;,&quot;category&quot;:&quot;mon compte&quot;,&quot;from&quot;:&quot;article footer&quot;,&quot;name&quot;:&quot;Mon actu&quot;,&quot;type&quot;:&quot;cta&quot;}}\" target=\"_blank\">Mon Actu<\/a>.<\/p>\n<p>                    <script async src=\"\/\/www.instagram.com\/embed.js\"><\/script><\/p>\n","protected":false},"excerpt":{"rendered":"Par Hugo Hancewicz Publi\u00e9 le 9 avr. 2025 \u00e0 20h29 Un t\u00e9moignage qui fait du bruit. Mercredi 2&hellip;\n","protected":false},"author":2,"featured_media":15758,"comment_status":"","ping_status":"","sticky":false,"template":"","format":"standard","meta":{"footnotes":""},"categories":[1888],"tags":[11,1777,674,118,1011,27,12,626,25,799],"class_list":{"0":"post-15757","1":"post","2":"type-post","3":"status-publish","4":"format-standard","5":"has-post-thumbnail","7":"category-paris","8":"tag-actualites","9":"tag-eu","10":"tag-europe","11":"tag-faits-divers","12":"tag-fr","13":"tag-france","14":"tag-news","15":"tag-paris","16":"tag-republique-francaise","17":"tag-violences-sexuelles"},"share_on_mastodon":{"url":"https:\/\/pubeurope.com\/@fr\/114315441303803661","error":""},"_links":{"self":[{"href":"https:\/\/www.europesays.com\/fr\/wp-json\/wp\/v2\/posts\/15757","targetHints":{"allow":["GET"]}}],"collection":[{"href":"https:\/\/www.europesays.com\/fr\/wp-json\/wp\/v2\/posts"}],"about":[{"href":"https:\/\/www.europesays.com\/fr\/wp-json\/wp\/v2\/types\/post"}],"author":[{"embeddable":true,"href":"https:\/\/www.europesays.com\/fr\/wp-json\/wp\/v2\/users\/2"}],"replies":[{"embeddable":true,"href":"https:\/\/www.europesays.com\/fr\/wp-json\/wp\/v2\/comments?post=15757"}],"version-history":[{"count":0,"href":"https:\/\/www.europesays.com\/fr\/wp-json\/wp\/v2\/posts\/15757\/revisions"}],"wp:featuredmedia":[{"embeddable":true,"href":"https:\/\/www.europesays.com\/fr\/wp-json\/wp\/v2\/media\/15758"}],"wp:attachment":[{"href":"https:\/\/www.europesays.com\/fr\/wp-json\/wp\/v2\/media?parent=15757"}],"wp:term":[{"taxonomy":"category","embeddable":true,"href":"https:\/\/www.europesays.com\/fr\/wp-json\/wp\/v2\/categories?post=15757"},{"taxonomy":"post_tag","embeddable":true,"href":"https:\/\/www.europesays.com\/fr\/wp-json\/wp\/v2\/tags?post=15757"}],"curies":[{"name":"wp","href":"https:\/\/api.w.org\/{rel}","templated":true}]}}