{"id":157579,"date":"2025-06-06T22:29:08","date_gmt":"2025-06-06T22:29:08","guid":{"rendered":"https:\/\/www.europesays.com\/fr\/157579\/"},"modified":"2025-06-06T22:29:08","modified_gmt":"2025-06-06T22:29:08","slug":"vide-greniers-brocantes-voici-le-programme-de-ce-long-week-end-en-seine-maritime","status":"publish","type":"post","link":"https:\/\/www.europesays.com\/fr\/157579\/","title":{"rendered":"Vide-greniers, brocantes&#8230; Voici le programme de ce (long) week-end en Seine-Maritime"},"content":{"rendered":"<p>            Par<br \/>\n        <strong><br \/>\n            <a href=\"https:\/\/actu.fr\/auteur\/vanessa-leroy\" title=\"Consulter tous les articles de Vanessa Leroy\" target=\"_blank\" rel=\"noopener\">Vanessa Leroy<\/a><br \/>\n        <\/strong><\/p>\n<p>        Publi\u00e9 le<\/p>\n<p>            6 juin 2025 \u00e0 20h54        <\/p>\n<p>C\u2019est bient\u00f4t le week-end et c\u2019est <strong>un long week-end de trois jours<\/strong> qui se profile ! Comme chaque semaine, la r\u00e9daction de 76actu a liste les<strong> vide-greniers, foires \u00e0 tout et autres brocantes<\/strong> qui se d\u00e9rouleront <strong>du samedi 4 au lundi 6 juin 2025<\/strong>\u00a0en <a href=\"https:\/\/actu.fr\/76actu\/\" target=\"_blank\" rel=\"noopener\">Seine-Maritime<\/a>. En esp\u00e9rant que la m\u00e9t\u00e9o sera cl\u00e9mente\u2026<\/p>\n<p>Les foires \u00e0 tout du samedi<\/p>\n<ul class=\" wall-content\">\n<li><strong>Barentin :<\/strong> vide-greniers pr\u00e8s de la salle Pierre de Coubertin, de 10h30 \u00e0 18h.\u00a0De 50 \u00e0 100 exposants. Entr\u00e9e gratuite.<\/li>\n<li><strong>Dieppe :<\/strong> brocante salle Paul-Eluard, de 8h \u00e0 18h. De 50 \u00e0 100 exposants. Entr\u00e9e gratuite.<\/li>\n<li><strong>Duclair :<\/strong> foire \u00e0 la brocante quai de Seine, de 9h \u00e0 18h. Moins de 50 exposants. Entr\u00e9e gratuite.<\/li>\n<li><strong>Elbeuf :<\/strong> bourse pu\u00e9riculture place du centre-ville et place Pierre-Mend\u00e8s-France, de 9h \u00e0 17h. Moins de 50 exposants. Entr\u00e9e gratuite.<\/li>\n<li><strong>Elbeuf :<\/strong> vide-dressing \u00e0 la ressourcerie Seconde Vie, de 10h \u00e0 17h30. Moins de 50 exposants. Entr\u00e9e gratuite.<\/li>\n<li><strong>Elbeuf :<\/strong> foire \u00e0 tout rue du Val Omont, de 6h \u00e0 18h. Plus de 300 exposants. Entr\u00e9e gratuite.<\/li>\n<li><strong>Oissel :<\/strong> vide-greniers place Francisco Ferrer, de 6h \u00e0 18h30. Plus de 300 exposants. Entr\u00e9e gratuite.<\/li>\n<li><strong>Saint-Aubin-l\u00e8s-Elbeuf :<\/strong> vide-greniers capitainerie du port de plaisance, de 7h \u00e0 18h. De 50 \u00e0 100 exposants. Entr\u00e9e gratuite.<\/li>\n<li><strong>Sotteville-sous-le-Val :<\/strong> vide-greniers 40 rue du village, de 8h \u00e0 18h. Plus de 300 exposants. Entr\u00e9e gratuite.<\/li>\n<\/ul>\n<p>Les foires \u00e0 tout du dimanche<\/p>\n<ul class=\" wall-content\">\n<li><strong>Avremesnil :<\/strong> vide-greniers \u00e9cole Marie-Th\u00e9r\u00e8se-Fainstein, \u00e0 partir de 8h. Moins de 50 exposants. Entr\u00e9e gratuite.<\/li>\n<li><strong>Bacqueville-en-Caux :<\/strong> vide-greniers place de la mairie, de 6h \u00e0 18h30. De 50 \u00e0 100 exposants. Entr\u00e9e gratuite.<\/li>\n<li><strong>Bretteville-du-Grand-Caux :<\/strong> vide-greniers gymnase, de 7h \u00e0 17h. De 50 \u00e0 100 exposants. Entr\u00e9e : 1 euro.<\/li>\n<li><strong>Canteleu :<\/strong> vide-greniers rue Gaston-Boulet, de la Plaine, des Prairies\u2026, de 8h \u00e0 18h. De 50 \u00e0 100 exposants. Entr\u00e9e gratuite.<\/li>\n<li><strong>Dieppe :<\/strong> vide-greniers place Louis-Aragon, de 7h30 \u00e0 18h. Moins de 50 exposants. Entr\u00e9e gratuite.<\/li>\n<li><strong>Dieppe :<\/strong> brocante salle Paul-Eluard, de 8h \u00e0 18h. De 50 \u00e0 100 exposants. Entr\u00e9e gratuite.<\/li>\n<li><strong>Dieppe :<\/strong> braderie, foire \u00e0 tout Grande rue, de 7h \u00e0 18h. De 100 \u00e0 200 exposants. Entr\u00e9e gratuite.<\/li>\n<li><strong>Ecalles-Allix :<\/strong> vide-greniers 122 rue de l\u2019Ecole, de 8h \u00e0 18h. De 50 \u00e0 100 exposants. Entr\u00e9e gratuite.<\/li>\n<li><strong>Elbeuf :<\/strong> foire \u00e0 tout Grande pelouse cit\u00e9 saint Cyr, rue du Val Omont, de 6h \u00e0 18h. Plus de 300 exposants. Entr\u00e9e gratuite.<\/li>\n<li><strong>Eu :<\/strong> vide-greniers place O\u2019Toole, de 8h \u00e0 17h30. De 100 \u00e0 200 exposants. Entr\u00e9e gratuite.<\/li>\n<li><strong>F\u00e9camp :<\/strong> vide-greniers salle Jean-Bouin, de 8h30 \u00e0 16h30. De 50 \u00e0 100 exposants. Entr\u00e9e : 1 euro.<\/li>\n<li><strong>Goderville :<\/strong> vide-greniers stade de foot, de 8h \u00e0 17h30. De 200 \u00e0 300 exposants. Entr\u00e9e : 1 euro.<\/li>\n<li><strong>Gonfreville-l\u2019Orcher :<\/strong> bourse aux jeux de soci\u00e9t\u00e9 au p\u00f4le associatif mayvillais 10 avenue Charles de Gaulle, de 10h \u00e0 17h. Moins de 50 exposants. Entr\u00e9e gratuite.<\/li>\n<li><strong>H\u00e9ricourt-en-Caux :<\/strong> foire \u00e0 tout 1 route du Moulin Bleu, de 7h \u00e0 18h. De 50 \u00e0 100 personnes. Entr\u00e9e gratuite.<\/li>\n<li><strong>Incheville :<\/strong> brocante place du Cin\u00e9ma, de 7h \u00e0 18h. De 50 \u00e0 100 personnes. Entr\u00e9e gratuite.<\/li>\n<li><strong>Jumi\u00e8ges :<\/strong> vide-greniers place Roger-Martin du Gard, de 9h \u00e0 18h. Moins de 50 exposants. Entr\u00e9e gratuite.<\/li>\n<li><strong>Le Havre :<\/strong> vide-greniers \u00e9cole Paul-Bert II, de 8h \u00e0 18h. Entr\u00e9e gratuite.<\/li>\n<li><strong>Lillebonne :<\/strong> vide-greniers parking h\u00f4tel de ville, de 7h30 \u00e0 18h. De 50 \u00e0 100 exposants. Entr\u00e9e : 1 euro.<\/li>\n<li><strong>Longueil :<\/strong> foire \u00e0 tout salle Charles-Lemoyne, de 7h \u00e0 16h30. Entr\u00e9e gratuite.<\/li>\n<li><strong>Louvetot :<\/strong> vide-greniers stade de foot, de 7h \u00e0 18h. De 50 \u00e0 100 exposants. Entr\u00e9e gratuite.\u00a0<\/li>\n<li><strong>Man\u00e9glise :<\/strong> vide-greniers stade de foot, de 7h30 \u00e0 17h30. De 50 \u00e0 100 exposants. Entr\u00e9e : 1 euro.<\/li>\n<li><strong>Martin-Eglise :<\/strong> foire \u00e0 tout stade de foot, de 8h \u00e0 18h. De 100 \u00e0 200 exposants. Entr\u00e9e gratuite.<\/li>\n<li><strong>M\u00e9lamare :<\/strong> vide-greniers salle des f\u00eates, de 7h30 \u00e0 17h30. De 50 \u00e0 100 exposants. Entr\u00e9e : 1 euro.<\/li>\n<li><strong>Morienne :<\/strong> vide-greniers rue principale, de 7h \u00e0 17h30. De 50 \u00e0 100 exposants. Entr\u00e9e gratuite.<\/li>\n<li><strong>Motteville :<\/strong> foire \u00e0 tout 133 rue Alexis Ricordel, de 8h \u00e0 19h. De 100 \u00e0 200 exposants. Entr\u00e9e gratuite.<\/li>\n<li><strong>N\u00e9ville :<\/strong> foire \u00e0 tout et bourse aux oiseaux stade de foot et gymnase, de 8h \u00e0 18h. Moins de 50 exposants. Entr\u00e9e gratuite.<\/li>\n<li><strong>Octeville-sur-Mer :<\/strong> vide-greniers stade Michel-Adam, de 7h \u00e0 17h30. De 100 \u00e0 200 exposants. Entr\u00e9e : 1 euro.<\/li>\n<li><strong>Oissel :<\/strong> vide-greniers place Francisco-Ferrer, de 6h \u00e0 18h30. Plus de 300 exposants. Entr\u00e9e gratuite.<\/li>\n<li><strong>Raffetot :<\/strong> vide-greniers terrain communal, de 6h30 \u00e0 18h. De 50 \u00e0 100 exposants. Entr\u00e9e : 1 euro.<\/li>\n<li><strong>R\u00e9alcamp :<\/strong> brocante salle des f\u00eates, de 6h \u00e0 18h. Moins de 50 exposants. Entr\u00e9e gratuite.<\/li>\n<li><strong>Rives-en-Seine :<\/strong> brocante quai de Seine, de 8h \u00e0 18h. Moins de 50 exposants. Entr\u00e9e gratuite.<\/li>\n<li><strong>Saint-Clair-sur-les-Monts :<\/strong> foire \u00e0 tout au stade, de 9h \u00e0 18h30. De 50 \u00e0 100 exposants. Entr\u00e9e gratuite.<\/li>\n<li><strong>Sassetot-le-Mauconduit :<\/strong> foire \u00e0 tout stade de foot, \u00e0 partir 7h. Plus de 300 exposants. Entr\u00e9e : 1 euro.<\/li>\n<li><strong>Sotteville-sous-le-Val :<\/strong> vide-greniers 40 rue du village, de 8h \u00e0 18h. Plus de 300 exposants. Entr\u00e9e gratuite.<\/li>\n<li><strong>Theuville-aux-Maillots :<\/strong> foire \u00e0 tout stade de foot, de 8h \u00e0 23h. De 50 \u00e0 100 exposants. Entr\u00e9e : 1 euro.<\/li>\n<li><strong>Tourville-la-Rivi\u00e8re :<\/strong> vide-greniers centre-ville, de 8h \u00e0 19h. Plus de 300 exposants. Entr\u00e9e gratuite.<\/li>\n<li><strong>Villers-Ecalles :<\/strong> foire \u00e0 tout stade de foot, de 6h00 \u00e0 18h. Entr\u00e9e gratuite.<\/li>\n<li><strong>Yvetot :<\/strong> vide-greniers champ de foire, de 8h \u00e0 20h. De 50 \u00e0 100 exposants. Entr\u00e9e gratuite.<\/li>\n<\/ul>\n<p>Les foires \u00e0 tout du lundi de Pentec\u00f4te<\/p>\n<ul class=\" wall-content\">\n<li><strong>Arques-la-Bataille :<\/strong> foire \u00e0 tout salle des sports de l\u2019Etoile, de 6h \u00e0 18h. De 50 \u00e0 100 exposants. Entr\u00e9e gratuite.<\/li>\n<li><strong>Br\u00e9aut\u00e9 :<\/strong> vide-greniers stade de foot, de 7h \u00e0 17h. De 100 \u00e0 200 exposants. Entr\u00e9e : 1 euro.<\/li>\n<li><strong>Cailly :<\/strong> foire \u00e0 tout. De 100 \u00e0 200 exposants. Entr\u00e9e gratuite.<\/li>\n<li><strong>Canteleu :<\/strong> foire \u00e0 tout rue Alexandre-Dumas, de 7h \u00e0 18h. Moins de 50 exposants. Entr\u00e9e gratuite.<\/li>\n<li><strong>Envermeu :<\/strong> vide-greniers stade de foot, de 6h \u00e0 18h, De 100 \u00e0 200 exposants. Entr\u00e9e gratuite.<\/li>\n<li><strong>Ermenouville :<\/strong> foire \u00e0 tout centre bourg, de 7h \u00e0 18h. Moins de 50 exposants.\u00a0Entr\u00e9e<br \/>gratuite.<\/li>\n<li><strong>F\u00e9camp :<\/strong> vide-greniers 1418 boulevard Nelson-Mandela, de 8h \u00e0 18h. de 50\u00a0 \u00e0 100 exposants. Entr\u00e9e : 1 euro.<\/li>\n<li><strong>Forges-les-Eaux :<\/strong> foire \u00e0 tout parking march\u00e9 au bestiaux, de 6h \u00e0 18h. De 50 \u00e0 100 exposants. Entr\u00e9e gratuite.<\/li>\n<li><strong>Gueures :<\/strong> vide-greniers stade municipal, de 7h \u00e0 18h. De 50 \u00e0 100 exposants. Entr\u00e9e gratuite.<\/li>\n<li><strong>Rouen :<\/strong> vide-greniers place Saint-Marc, de 8h \u00e0 18h. De 100 \u00e0 200 exposants. Entr\u00e9e<br \/>gratuite.<\/li>\n<\/ul>\n<p>Vid\u00e9os : en ce moment sur ActuVous souhaitez annoncer un \u00e9v\u00e9nement festif ou associatif, une initiative locale ? Rendez-vous sur notre plateforme <a href=\"https:\/\/www.infolocale.fr\/decouvrir\/actu\/\" target=\"_blank\" rel=\"noopener\">Infolocale<\/a>.<\/p>\n<p class=\" wall-content\">Suivez toute l\u2019actualit\u00e9 de vos villes et m\u00e9dias favoris en vous inscrivant \u00e0 <a href=\"https:\/\/moncompte.actu.fr\" title=\"D\u00e9couvez Mon Actu\" rel=\"nofollow noopener\" data-trk=\"{&quot;cta&quot;:{&quot;action&quot;:&quot;https:\\\/\\\/moncompte.actu.fr&quot;,&quot;category&quot;:&quot;mon compte&quot;,&quot;from&quot;:&quot;article footer&quot;,&quot;name&quot;:&quot;Mon actu&quot;,&quot;type&quot;:&quot;cta&quot;}}\" target=\"_blank\">Mon Actu<\/a>.<\/p>\n","protected":false},"excerpt":{"rendered":"Par Vanessa Leroy Publi\u00e9 le 6 juin 2025 \u00e0 20h54 C\u2019est bient\u00f4t le week-end et c\u2019est un long&hellip;\n","protected":false},"author":2,"featured_media":157580,"comment_status":"","ping_status":"","sticky":false,"template":"","format":"standard","meta":{"footnotes":""},"categories":[9587],"tags":[1111,11,28860,6961,1777,674,1011,27,1652,12,5161,25,9590,3365],"class_list":{"0":"post-157579","1":"post","2":"type-post","3":"status-publish","4":"format-standard","5":"has-post-thumbnail","7":"category-rouen","8":"tag-actu","9":"tag-actualites","10":"tag-bon-plan-au-havre","11":"tag-brocante","12":"tag-eu","13":"tag-europe","14":"tag-fr","15":"tag-france","16":"tag-loisirs-culture","17":"tag-news","18":"tag-normandie","19":"tag-republique-francaise","20":"tag-rouen","21":"tag-vide-greniers"},"share_on_mastodon":{"url":"https:\/\/pubeurope.com\/@fr\/114638786576494083","error":""},"_links":{"self":[{"href":"https:\/\/www.europesays.com\/fr\/wp-json\/wp\/v2\/posts\/157579","targetHints":{"allow":["GET"]}}],"collection":[{"href":"https:\/\/www.europesays.com\/fr\/wp-json\/wp\/v2\/posts"}],"about":[{"href":"https:\/\/www.europesays.com\/fr\/wp-json\/wp\/v2\/types\/post"}],"author":[{"embeddable":true,"href":"https:\/\/www.europesays.com\/fr\/wp-json\/wp\/v2\/users\/2"}],"replies":[{"embeddable":true,"href":"https:\/\/www.europesays.com\/fr\/wp-json\/wp\/v2\/comments?post=157579"}],"version-history":[{"count":0,"href":"https:\/\/www.europesays.com\/fr\/wp-json\/wp\/v2\/posts\/157579\/revisions"}],"wp:featuredmedia":[{"embeddable":true,"href":"https:\/\/www.europesays.com\/fr\/wp-json\/wp\/v2\/media\/157580"}],"wp:attachment":[{"href":"https:\/\/www.europesays.com\/fr\/wp-json\/wp\/v2\/media?parent=157579"}],"wp:term":[{"taxonomy":"category","embeddable":true,"href":"https:\/\/www.europesays.com\/fr\/wp-json\/wp\/v2\/categories?post=157579"},{"taxonomy":"post_tag","embeddable":true,"href":"https:\/\/www.europesays.com\/fr\/wp-json\/wp\/v2\/tags?post=157579"}],"curies":[{"name":"wp","href":"https:\/\/api.w.org\/{rel}","templated":true}]}}